{"id":924,"date":"2020-10-13T09:37:18","date_gmt":"2020-10-13T12:37:18","guid":{"rendered":"https:\/\/www.bahiananoticias.com.br\/v1\/?p=924"},"modified":"2020-10-13T09:37:18","modified_gmt":"2020-10-13T12:37:18","slug":"ilheus-justica-eleitoral-defere-registro-de-candidaturas-do-podemos","status":"publish","type":"post","link":"https:\/\/www.bahiananoticias.com.br\/v1\/2020\/10\/13\/ilheus-justica-eleitoral-defere-registro-de-candidaturas-do-podemos\/","title":{"rendered":"ILH\u00c9US: JUSTI\u00c7A ELEITORAL DEFERE REGISTRO DE CANDIDATURAS DO PODEMOS"},"content":{"rendered":"<div id=\"attachment_925\" style=\"width: 522px\" class=\"wp-caption aligncenter\"><img aria-describedby=\"caption-attachment-925\" decoding=\"async\" loading=\"lazy\" class=\"size-full wp-image-925\" src=\"https:\/\/www.bahiananoticias.com.br\/v1\/wp-content\/uploads\/2020\/10\/podemos.jpg\" alt=\"\" width=\"512\" height=\"280\" srcset=\"https:\/\/www.bahiananoticias.com.br\/v1\/wp-content\/uploads\/2020\/10\/podemos.jpg 512w, https:\/\/www.bahiananoticias.com.br\/v1\/wp-content\/uploads\/2020\/10\/podemos-300x164.jpg 300w\" sizes=\"(max-width: 512px) 100vw, 512px\" \/><p id=\"caption-attachment-925\" class=\"wp-caption-text\">Podemos Ilh\u00e9us poder\u00e1 concorrer \u00e0 elei\u00e7\u00e3o normalmente.<\/p><\/div>\n<p>Ap\u00f3s o\u00a0 parecer do Minist\u00e9rio P\u00fablico Eleitoral pelo indeferimento do registro de candidaturas do Podemos\/Ilh\u00e9us, o Juiz Eleitoral Helv\u00e9cio Arg\u00f4llo, deferiu o registro de candidaturas, e o Podemos pode concorrer \u00e0 elei\u00e7\u00e3o normalmente.<\/p>\n<p>O relat\u00f3rio do MP alegava que o Podemos teria entregado o DRAP \u2013 Demonstrativo de Regularidade de Atos Partid\u00e1rio fora do prazo legal, e por isso deveria ter o registro negado, sendo impedido de participar das elei\u00e7\u00f5es deste ano.<!--more--><\/p>\n<p>&#8221; N\u00e3o constitui m\u00e1cula suficiente a excluir o partido e seus candidatos ao pleito eleitoral, tendo por atendidas todas as condi\u00e7\u00f5es legais para o registro da candidaturas apresentadas pelo partido Podemos \u00e0s elei\u00e7\u00f5es do corrente ano de 2020, em rela\u00e7\u00e3o quais n\u00e3o houve erro qualquer impugna\u00e7\u00e3o no prazo destinado a essa provid\u00eancia,hei por bem deferir o pedido de registro de candidaturas apresentadas pelo partido \u00e0s elei\u00e7\u00f5es municipais do corrente ano de 2020\u2033, explicou o juiz eleitoral Helv\u00e9cio Arg\u00f4llo na decis\u00e3o.<\/p>\n","protected":false},"excerpt":{"rendered":"<p>Ap\u00f3s o\u00a0 parecer do Minist\u00e9rio P\u00fablico Eleitoral pelo indeferimento do registro de candidaturas do Podemos\/Ilh\u00e9us, o Juiz Eleitoral Helv\u00e9cio Arg\u00f4llo, deferiu o registro de candidaturas, e o Podemos pode concorrer \u00e0 elei\u00e7\u00e3o normalmente. O relat\u00f3rio do MP alegava que o Podemos teria entregado o DRAP \u2013 Demonstrativo de Regularidade de Atos Partid\u00e1rio fora do prazo [&hellip;]<\/p>\n","protected":false},"author":2,"featured_media":925,"comment_status":"closed","ping_status":"closed","sticky":false,"template":"","format":"standard","meta":{"_links_to":"","_links_to_target":""},"categories":[10,35],"tags":[45,43,37,39],"views":490,"_links":{"self":[{"href":"https:\/\/www.bahiananoticias.com.br\/v1\/wp-json\/wp\/v2\/posts\/924"}],"collection":[{"href":"https:\/\/www.bahiananoticias.com.br\/v1\/wp-json\/wp\/v2\/posts"}],"about":[{"href":"https:\/\/www.bahiananoticias.com.br\/v1\/wp-json\/wp\/v2\/types\/post"}],"author":[{"embeddable":true,"href":"https:\/\/www.bahiananoticias.com.br\/v1\/wp-json\/wp\/v2\/users\/2"}],"replies":[{"embeddable":true,"href":"https:\/\/www.bahiananoticias.com.br\/v1\/wp-json\/wp\/v2\/comments?post=924"}],"version-history":[{"count":1,"href":"https:\/\/www.bahiananoticias.com.br\/v1\/wp-json\/wp\/v2\/posts\/924\/revisions"}],"predecessor-version":[{"id":926,"href":"https:\/\/www.bahiananoticias.com.br\/v1\/wp-json\/wp\/v2\/posts\/924\/revisions\/926"}],"wp:featuredmedia":[{"embeddable":true,"href":"https:\/\/www.bahiananoticias.com.br\/v1\/wp-json\/wp\/v2\/media\/925"}],"wp:attachment":[{"href":"https:\/\/www.bahiananoticias.com.br\/v1\/wp-json\/wp\/v2\/media?parent=924"}],"wp:term":[{"taxonomy":"category","embeddable":true,"href":"https:\/\/www.bahiananoticias.com.br\/v1\/wp-json\/wp\/v2\/categories?post=924"},{"taxonomy":"post_tag","embeddable":true,"href":"https:\/\/www.bahiananoticias.com.br\/v1\/wp-json\/wp\/v2\/tags?post=924"}],"curies":[{"name":"wp","href":"https:\/\/api.w.org\/{rel}","templated":true}]}}