{"id":8989,"date":"2021-08-25T09:24:11","date_gmt":"2021-08-25T12:24:11","guid":{"rendered":"https:\/\/www.bahiananoticias.com.br\/v1\/?p=8989"},"modified":"2021-08-25T09:24:11","modified_gmt":"2021-08-25T12:24:11","slug":"ex-presidente-lula-cumpre-agenda-em-salvador-nesta-quarta-feira-25","status":"publish","type":"post","link":"https:\/\/www.bahiananoticias.com.br\/v1\/2021\/08\/25\/ex-presidente-lula-cumpre-agenda-em-salvador-nesta-quarta-feira-25\/","title":{"rendered":"EX-PRESIDENTE LULA CUMPRE AGENDA EM SALVADOR NESTA QUARTA-FEIRA (25)"},"content":{"rendered":"<p><img decoding=\"async\" loading=\"lazy\" class=\"size-full wp-image-3198\" src=\"https:\/\/www.bahiananoticias.com.br\/v1\/wp-content\/uploads\/2021\/01\/lula.jpg\" alt=\"\" width=\"570\" height=\"423\" srcset=\"https:\/\/www.bahiananoticias.com.br\/v1\/wp-content\/uploads\/2021\/01\/lula.jpg 570w, https:\/\/www.bahiananoticias.com.br\/v1\/wp-content\/uploads\/2021\/01\/lula-300x223.jpg 300w\" sizes=\"(max-width: 570px) 100vw, 570px\" \/><\/p>\n<p><span>Na tentativa de ampliar o arco de alian\u00e7as e pavimentar o seu caminho para 2022, o ex-presidente Lula chega \u00e0 Bahia nesta quarta-feira (25), o estado que mais deu votos ao PT nas \u00faltimas not\u00edcias presidenciais.\u00a0A previs\u00e3o do desembarque em Salvador \u00e9 \u00e0s 10h30 e ele j\u00e1 deve seguir direto para a Assembleia Legislativa da Bahia (Alba).<\/span><\/p>\n<p><span>H\u00e1 uma expectativa de que de l\u00e1 mesmo o petista conceda uma entrevista coletiva e, \u00e0s 16h, tem um encontro com os PT e representantes de movimentos sociais para uma discuss\u00e3o com o tema &#8220;Combater a Fome e Reconstruir o Brasil&#8221;.\u00a0\u00c0 noite, Lula tem um jantar com o governador Rui Costa (PT) e os senadores Jaques Wagner (PT), que foi Ministro-chefe de Rela\u00e7\u00f5es Internacionais em seu governo (2005-2006), Otto Alencar (PSD), e o vice- governador Jo\u00e3o Le\u00e3o (PP).<\/span><\/p>\n<p><span>&#8220;N\u00f3s vamos conversar, discutir, \u00e9 sempre bom ouvir a experi\u00eancia de Lula, o homem \u00e9 uma enciclop\u00e9dia da pol\u00edtica no Brasil, sempre bom conversar com Lula. Fui vice-l\u00edder dele por quatro anos no Senado substituindo Fernando Bezerra&#8221;, Jo\u00e3o disse Le\u00e3o ao grupo A TARDE, refor\u00e7ando que n\u00e3o se trata do senador do MDB-PB Fernando Bezerra, o atual l\u00edder do governo Bolsonaro no Senado, mas sim de um hom\u00f4nimo, do Rio Grande do Norte (1995-2007).<\/span><!--more--><\/p>\n<p><span>Na quinta-feira, 26, Lula visita a Policl\u00ednica de Salvador no bairro do Narandiba, \u00e0s 9h30, e depois concede entrevista coletiva, marcada para as 11h.\u00a0O petista almo\u00e7a se re\u00fane com os presidentes dos partidos da base aliada do governo na Bahia, do PT, PSD, PP, PSB, PCdoB, POM e Avante, no Hotel Fiesta.\u00a0\u00c0s 16h, vai ao bairro da Liberdade onde tem encontro marcado com lideran\u00e7as de movimentos negros da Bahia, na Senzala do Barro Preto.<\/span><\/p>\n<p><span>A caravana do pr\u00e9-candidato do PT \u00e0 presid\u00eancia teve in\u00edcio em Pernambuco, a sua terra natal, no dia 15 de agosto.\u00a0Nos dias 17 e 18 ele esteve no Piau\u00ed.\u00a0No dia seguinte, j\u00e1 estava no Maranh\u00e3o, onde permaneceu at\u00e9 o dia 20. Ele passou ainda por Fortaleza e est\u00e1 em Natal antes de chegar na capital baiana.<\/span><\/p>\n<p><span>Presidente estadual do PSB e presen\u00e7a garantida no almo\u00e7o, a deputada federal L\u00eddice da Mata diz uma conversa com as lideran\u00e7as deve ter car\u00e1ter &#8220;institucional&#8221;, ainda sem o &#8220;tom da campanha&#8221;, muito tamb\u00e9m por efeito colateral da pandemia de Covid-19.\u00a0Segundo a parlamentar, o objetivo \u00e9 que nenhuma das atividades promova aglomera\u00e7\u00e3o.<\/span><\/p>\n<p><span>Mesmo sem os ares de campanha eleitoral, Adem\u00e1rio Costa, presidente do PT em Salvador, tem certeza que a vinda de Lula vai mover como pe\u00e7as do tabuleiro pol\u00edtico local.\u00a0&#8220;\u00c9 um grande negociador, um articulador&#8221;, avalia.\u00a0<\/span><\/p>\n<p><span>&#8220;N\u00e3o tenho d\u00favida que o cen\u00e1rio pol\u00edtico da Bahia vai ser alterado depois de Lula, as alian\u00e7as ser\u00e3o mais consolidadas&#8221;, prev\u00ea Adem\u00e1rio.<\/span><\/p>\n<p><span>O petista acredita que a passagem de Lula pela Bahia tem grande significado.\u00a0Al\u00e9m de ser um celeiro eleitoral, onde o partido quebrou a hegemonia do grupo de ACM, o estado se identifica com a pr\u00f3pria figura do ex-presidente.\u00a0O l\u00edder do diret\u00f3rio municipal recorda que foi Lula quem deu um Wagner o apelido de &#8220;Galego&#8221;, como \u00e9 conhecido at\u00e9 hoje, e que os nordestinos reconhecem nele o presidente \u00fanico que olhou de fato para os problemas da regi\u00e3o e desvios o seu &#8220;desenvolvimento industrial e econ\u00f4mico &#8220;.<\/span><\/p>\n<p><span>&#8220;Existe muita expectativa da vinda dele por conta da esperan\u00e7a que ele representa para o povo brasileiro, em especial nordestino, onde tem os maiores \u00edndices de aprova\u00e7\u00e3o&#8221;, cita Adem\u00e1rio.\u00a0&#8220;No governo, ele recuperou o tempo perdido no Nordeste e reorganizou o desenvolvimento industrial e econ\u00f4mico, que fez com que regi\u00f5es menos favorecidas feitas priorizadas, para se livrar da depend\u00eancia e da exclus\u00e3o hist\u00f3rica. Ele mudou o mapa geopol\u00edtico do Brasil. Por isso o povo n\u00e3o esquece &#8220;, destaca.<\/span><\/p>\n","protected":false},"excerpt":{"rendered":"<p>Na tentativa de ampliar o arco de alian\u00e7as e pavimentar o seu caminho para 2022, o ex-presidente Lula chega \u00e0 Bahia nesta quarta-feira (25), o estado que mais deu votos ao PT nas \u00faltimas not\u00edcias presidenciais.\u00a0A previs\u00e3o do desembarque em Salvador \u00e9 \u00e0s 10h30 e ele j\u00e1 deve seguir direto para a Assembleia Legislativa da [&hellip;]<\/p>\n","protected":false},"author":2,"featured_media":3198,"comment_status":"closed","ping_status":"closed","sticky":false,"template":"","format":"standard","meta":{"_links_to":"","_links_to_target":""},"categories":[10],"tags":[],"views":435,"_links":{"self":[{"href":"https:\/\/www.bahiananoticias.com.br\/v1\/wp-json\/wp\/v2\/posts\/8989"}],"collection":[{"href":"https:\/\/www.bahiananoticias.com.br\/v1\/wp-json\/wp\/v2\/posts"}],"about":[{"href":"https:\/\/www.bahiananoticias.com.br\/v1\/wp-json\/wp\/v2\/types\/post"}],"author":[{"embeddable":true,"href":"https:\/\/www.bahiananoticias.com.br\/v1\/wp-json\/wp\/v2\/users\/2"}],"replies":[{"embeddable":true,"href":"https:\/\/www.bahiananoticias.com.br\/v1\/wp-json\/wp\/v2\/comments?post=8989"}],"version-history":[{"count":1,"href":"https:\/\/www.bahiananoticias.com.br\/v1\/wp-json\/wp\/v2\/posts\/8989\/revisions"}],"predecessor-version":[{"id":8990,"href":"https:\/\/www.bahiananoticias.com.br\/v1\/wp-json\/wp\/v2\/posts\/8989\/revisions\/8990"}],"wp:featuredmedia":[{"embeddable":true,"href":"https:\/\/www.bahiananoticias.com.br\/v1\/wp-json\/wp\/v2\/media\/3198"}],"wp:attachment":[{"href":"https:\/\/www.bahiananoticias.com.br\/v1\/wp-json\/wp\/v2\/media?parent=8989"}],"wp:term":[{"taxonomy":"category","embeddable":true,"href":"https:\/\/www.bahiananoticias.com.br\/v1\/wp-json\/wp\/v2\/categories?post=8989"},{"taxonomy":"post_tag","embeddable":true,"href":"https:\/\/www.bahiananoticias.com.br\/v1\/wp-json\/wp\/v2\/tags?post=8989"}],"curies":[{"name":"wp","href":"https:\/\/api.w.org\/{rel}","templated":true}]}}