{"id":8877,"date":"2021-08-19T12:01:25","date_gmt":"2021-08-19T15:01:25","guid":{"rendered":"https:\/\/www.bahiananoticias.com.br\/v1\/?p=8877"},"modified":"2021-08-19T12:01:25","modified_gmt":"2021-08-19T15:01:25","slug":"politicas-publicas-para-os-altos-de-ilheus-essa-sera-a-base-do-meu-trabalho-diz-vereador-sergio-do-amparo-em-entrevista-a-radio-bahiana","status":"publish","type":"post","link":"https:\/\/www.bahiananoticias.com.br\/v1\/2021\/08\/19\/politicas-publicas-para-os-altos-de-ilheus-essa-sera-a-base-do-meu-trabalho-diz-vereador-sergio-do-amparo-em-entrevista-a-radio-bahiana\/","title":{"rendered":"&#8221; POL\u00cdTICAS P\u00daBLICAS PARA OS ALTOS DE ILH\u00c9US&#8221; ESSA SER\u00c1 A BASE DO MEU TRABALHO, DIZ VEREADOR S\u00c9RGIO DO AMPARO EM ENTREVISTA A R\u00c1DIO BAHIANA"},"content":{"rendered":"<div id=\"attachment_8878\" style=\"width: 580px\" class=\"wp-caption aligncenter\"><img aria-describedby=\"caption-attachment-8878\" decoding=\"async\" loading=\"lazy\" class=\"size-full wp-image-8878\" src=\"https:\/\/www.bahiananoticias.com.br\/v1\/wp-content\/uploads\/2021\/08\/WhatsApp-Image-2021-08-19-at-09.41.36.jpeg\" alt=\"\" width=\"570\" height=\"321\" srcset=\"https:\/\/www.bahiananoticias.com.br\/v1\/wp-content\/uploads\/2021\/08\/WhatsApp-Image-2021-08-19-at-09.41.36.jpeg 570w, https:\/\/www.bahiananoticias.com.br\/v1\/wp-content\/uploads\/2021\/08\/WhatsApp-Image-2021-08-19-at-09.41.36-300x169.jpeg 300w\" sizes=\"(max-width: 570px) 100vw, 570px\" \/><p id=\"caption-attachment-8878\" class=\"wp-caption-text\">A entrevista est\u00e1 dispon\u00edvel na \u00edntegra nos canais oficiais da Bahiana no YouTube e Facebook<\/p><\/div>\n<p>Na edi\u00e7\u00e3o desta quinta-feira (19) do Programa Na Boca do Povo, da R\u00e1dio Bahiana de Ilh\u00e9us, foi entrevistado o vereador S\u00e9rgio Luiz, o S\u00e9rgio do Amparo (Podemos).\u00a0 Ele que tomou posse na \u00faltima ter\u00e7a (17) na C\u00e2mara Municipal de Ilh\u00e9us, assumindo a vaga do vereador Ka\u00edque Souza (Podemos).<\/p>\n<p>Formado em Servi\u00e7o Social, e com atua\u00e7\u00e3o em \u00e1reas diversas, possui mais de 20 anos de trabalho social nos altos da cidade. O edil empossado diz que chegou o momento de se discutir pol\u00edticas p\u00fablicas eficientes para os altos, &#8220;Chegou o tempo de discutirmos mudan\u00e7as para a favela, das favelas serem ouvidas, delas terem acessibilidade, oportunidades de gerarmos pol\u00edticas p\u00fablicas para as favelas. \u00c9 tempo de fomentar novos projetos&#8221;, disse em entrevista o edil, que garante ser uma rica oportunidade, um filho do morro est\u00e1 no plen\u00e1rio.<\/p>\n<p>Questionados pelos apresentadores Adilson Neves e Luke Rei acerca futuros projetos, Sergio do Amparo diz que sua luta ser\u00e1 voltada em combater \u00e0s mazelas sociais das comunidades, buscando projetos sociais para os jovens, ascens\u00e3o do turismo nos morros, que segundo o parlamentar, fomentar\u00e1 diretamente na gera\u00e7\u00e3o de renda aos moradores locais.<\/p>\n<p><a href=\"https:\/\/fb.watch\/7uam-XVZKN\/\"><strong>Confira aqui a entrevista na \u00edntegra<\/strong><\/a><\/p>\n<p>&nbsp;<\/p>\n<p>&nbsp;<\/p>\n<p>&nbsp;<\/p>\n","protected":false},"excerpt":{"rendered":"<p>Na edi\u00e7\u00e3o desta quinta-feira (19) do Programa Na Boca do Povo, da R\u00e1dio Bahiana de Ilh\u00e9us, foi entrevistado o vereador S\u00e9rgio Luiz, o S\u00e9rgio do Amparo (Podemos).\u00a0 Ele que tomou posse na \u00faltima ter\u00e7a (17) na C\u00e2mara Municipal de Ilh\u00e9us, assumindo a vaga do vereador Ka\u00edque Souza (Podemos). Formado em Servi\u00e7o Social, e com atua\u00e7\u00e3o [&hellip;]<\/p>\n","protected":false},"author":2,"featured_media":8878,"comment_status":"closed","ping_status":"closed","sticky":false,"template":"","format":"standard","meta":{"_links_to":"","_links_to_target":""},"categories":[35],"tags":[],"views":360,"_links":{"self":[{"href":"https:\/\/www.bahiananoticias.com.br\/v1\/wp-json\/wp\/v2\/posts\/8877"}],"collection":[{"href":"https:\/\/www.bahiananoticias.com.br\/v1\/wp-json\/wp\/v2\/posts"}],"about":[{"href":"https:\/\/www.bahiananoticias.com.br\/v1\/wp-json\/wp\/v2\/types\/post"}],"author":[{"embeddable":true,"href":"https:\/\/www.bahiananoticias.com.br\/v1\/wp-json\/wp\/v2\/users\/2"}],"replies":[{"embeddable":true,"href":"https:\/\/www.bahiananoticias.com.br\/v1\/wp-json\/wp\/v2\/comments?post=8877"}],"version-history":[{"count":1,"href":"https:\/\/www.bahiananoticias.com.br\/v1\/wp-json\/wp\/v2\/posts\/8877\/revisions"}],"predecessor-version":[{"id":8879,"href":"https:\/\/www.bahiananoticias.com.br\/v1\/wp-json\/wp\/v2\/posts\/8877\/revisions\/8879"}],"wp:featuredmedia":[{"embeddable":true,"href":"https:\/\/www.bahiananoticias.com.br\/v1\/wp-json\/wp\/v2\/media\/8878"}],"wp:attachment":[{"href":"https:\/\/www.bahiananoticias.com.br\/v1\/wp-json\/wp\/v2\/media?parent=8877"}],"wp:term":[{"taxonomy":"category","embeddable":true,"href":"https:\/\/www.bahiananoticias.com.br\/v1\/wp-json\/wp\/v2\/categories?post=8877"},{"taxonomy":"post_tag","embeddable":true,"href":"https:\/\/www.bahiananoticias.com.br\/v1\/wp-json\/wp\/v2\/tags?post=8877"}],"curies":[{"name":"wp","href":"https:\/\/api.w.org\/{rel}","templated":true}]}}