{"id":8748,"date":"2021-08-16T11:41:55","date_gmt":"2021-08-16T14:41:55","guid":{"rendered":"https:\/\/www.bahiananoticias.com.br\/v1\/?p=8748"},"modified":"2021-08-16T11:43:57","modified_gmt":"2021-08-16T14:43:57","slug":"8748","status":"publish","type":"post","link":"https:\/\/www.bahiananoticias.com.br\/v1\/2021\/08\/16\/8748\/","title":{"rendered":"SPP INICIA TESTES COM 20 C\u00c2MERAS ACOPLADAS EM FARDAS DE POLICIAIS: &#8220;PROVAR LEGALIDADE DAS A\u00c7\u00d5ES&#8221;"},"content":{"rendered":"<div id=\"attachment_8749\" style=\"width: 580px\" class=\"wp-caption aligncenter\"><img aria-describedby=\"caption-attachment-8749\" decoding=\"async\" loading=\"lazy\" class=\"size-full wp-image-8749\" src=\"https:\/\/www.bahiananoticias.com.br\/v1\/wp-content\/uploads\/2021\/08\/110618ssp-inicia-testes-com-20-cameras-acopladas-em-fardas-de-policiais-provar-legalidade-das-acoes-3.jpg\" alt=\"\" width=\"570\" height=\"268\" \/><p id=\"caption-attachment-8749\" class=\"wp-caption-text\">Os equipamentos v\u00e3o filmar a\u00e7\u00f5es policiais a partir desta semana<\/p><\/div>\n<p>As a\u00e7\u00f5es e opera\u00e7\u00f5es realizadas pela Pol\u00edcia Militar, na Bahia, v\u00e3o ser filmadas a partir desta semana. Ao menos 20 c\u00e2meras acopladas nas fardas dos militares v\u00e3o dar um panorama de como acontecem as abordagens, flagrantes e eventuais confrontos envolvendo as guarni\u00e7\u00f5es. Superintendente de Gest\u00e3o Tecnol\u00f3gica e Organizacional, o coronel Marcos Oliveira informou ao\u00a0<strong>Metro1<\/strong>, nesta segunda-feira (16), que a proposta tem a inten\u00e7\u00e3o de &#8220;provar a legalidade das a\u00e7\u00f5es policiais&#8221;.<\/p>\n<p>Segundo o coronel, algumas informa\u00e7\u00f5es ainda n\u00e3o est\u00e3o definidas, a exemplo de quais companhias ou batalh\u00f5es far\u00e3o o uso dos equipamentos na fase inicial, ou mesmo se o processo ser\u00e1 iniciado por Salvador. &#8220;Vamos tornar o processo o mais transparente poss\u00edvel. As empresas que est\u00e3o se habilitando a fazer esses testes est\u00e3o configurando os equipamentos. Devemos usar 20 deles&#8221;.<\/p>\n<p>Marcos lembra que a\u00a0Superintend\u00eancia de Gest\u00e3o Tecnol\u00f3gica e Organizacional (SGTO) realizou um estudo sobre a ferramenta e visitou estados que utilizam as c\u00e2meras, a exemplo de S\u00e3o Paulo. Pelo menos quatro marcas ser\u00e3o testadas. O coronel disse ainda que, ap\u00f3s os testes, empresas que comercializam o equipamento ser\u00e3o convidadas \u00e0 audi\u00eancia, onde detalhes ser\u00e3o\u00a0esclarecidos.\u00a0&#8220;As a\u00e7\u00f5es policiais s\u00e3o s\u00e3o sempre baseadas na legalidade. Em tudo que fazemos procuramos prestar contas. Esse esquema \u00e9 justamente para provar isso e, assim, contribuir para uma melhor\u00a0puni\u00e7\u00e3o penal&#8221;, conclui.<\/p>\n<p>A\u00a0<a href=\"https:\/\/www.metro1.com.br\/noticias\/bahia\/109605,defensoria-orienta-aplicacao-de-cameras-em-batalhoes-com-alto-indice-de-letalidade\">Defensoria P\u00fablica<\/a>\u00a0do Estado acompanha o processo.<\/p>\n<p><strong>Viol\u00eancia<\/strong><!--more--><\/p>\n<p>O n\u00famero de mortes causadas por policiais baianos subiu\u00a047% em 2020, se comparado\u00a0com os dados de 2019. As informa\u00e7\u00f5es\u00a0foram divulgadas no m\u00eas de julho pelo\u00a0<a href=\"https:\/\/forumseguranca.org.br\/\">F\u00f3rum Brasileiro de Seguran\u00e7a P\u00fablica<\/a>\u00a0(FBSP)<strong>.\u00a0<\/strong>\u00a0Os estudos indicam que a PM da Bahia matou 1.137 pessoas em 2020. O dado colocou o estado como um dos dois \u00fanicos a ultrapassar mil v\u00edtimas no per\u00edodo.<\/p>\n<p>Secret\u00e1rio da Seguran\u00e7a P\u00fablica, Ricardo Mandarino afirmou\u00a0que as c\u00e2meras proteger\u00e3o tamb\u00e9m os cidad\u00e3os que sofrem com abuso de poder, racismo, homofobia, entre outros delitos praticados por uma parcela m\u00ednima de servidores p\u00fablicos.<\/p>\n<p>&#8220;Temos sempre que evoluir. Os resultados alcan\u00e7ados por outros estados mostram que esse \u00e9 um caminho. Queremos tornar a pol\u00edcia baiana ainda mais cidad\u00e3&#8221;, completou. &#8220;Durante a reuni\u00e3o do Col\u00e9gio de Secret\u00e1rios de Seguran\u00e7a P\u00fablica, em Goi\u00e2nia, defendi o uso do equipamento. Ele vai proteger os policiais, mostrando as dificuldades enfrentadas&#8221;.\u00a0O processo de licita\u00e7\u00e3o ser\u00e1 aberto ap\u00f3s autoriza\u00e7\u00e3o do governador Rui Costa (PT).<\/p>\n","protected":false},"excerpt":{"rendered":"<p>As a\u00e7\u00f5es e opera\u00e7\u00f5es realizadas pela Pol\u00edcia Militar, na Bahia, v\u00e3o ser filmadas a partir desta semana. Ao menos 20 c\u00e2meras acopladas nas fardas dos militares v\u00e3o dar um panorama de como acontecem as abordagens, flagrantes e eventuais confrontos envolvendo as guarni\u00e7\u00f5es. Superintendente de Gest\u00e3o Tecnol\u00f3gica e Organizacional, o coronel Marcos Oliveira informou ao\u00a0Metro1, nesta [&hellip;]<\/p>\n","protected":false},"author":2,"featured_media":0,"comment_status":"closed","ping_status":"closed","sticky":false,"template":"","format":"standard","meta":{"_links_to":"","_links_to_target":""},"categories":[11,4],"tags":[],"views":404,"_links":{"self":[{"href":"https:\/\/www.bahiananoticias.com.br\/v1\/wp-json\/wp\/v2\/posts\/8748"}],"collection":[{"href":"https:\/\/www.bahiananoticias.com.br\/v1\/wp-json\/wp\/v2\/posts"}],"about":[{"href":"https:\/\/www.bahiananoticias.com.br\/v1\/wp-json\/wp\/v2\/types\/post"}],"author":[{"embeddable":true,"href":"https:\/\/www.bahiananoticias.com.br\/v1\/wp-json\/wp\/v2\/users\/2"}],"replies":[{"embeddable":true,"href":"https:\/\/www.bahiananoticias.com.br\/v1\/wp-json\/wp\/v2\/comments?post=8748"}],"version-history":[{"count":3,"href":"https:\/\/www.bahiananoticias.com.br\/v1\/wp-json\/wp\/v2\/posts\/8748\/revisions"}],"predecessor-version":[{"id":8752,"href":"https:\/\/www.bahiananoticias.com.br\/v1\/wp-json\/wp\/v2\/posts\/8748\/revisions\/8752"}],"wp:attachment":[{"href":"https:\/\/www.bahiananoticias.com.br\/v1\/wp-json\/wp\/v2\/media?parent=8748"}],"wp:term":[{"taxonomy":"category","embeddable":true,"href":"https:\/\/www.bahiananoticias.com.br\/v1\/wp-json\/wp\/v2\/categories?post=8748"},{"taxonomy":"post_tag","embeddable":true,"href":"https:\/\/www.bahiananoticias.com.br\/v1\/wp-json\/wp\/v2\/tags?post=8748"}],"curies":[{"name":"wp","href":"https:\/\/api.w.org\/{rel}","templated":true}]}}