{"id":8739,"date":"2021-08-16T11:27:53","date_gmt":"2021-08-16T14:27:53","guid":{"rendered":"https:\/\/www.bahiananoticias.com.br\/v1\/?p=8739"},"modified":"2021-08-16T11:27:53","modified_gmt":"2021-08-16T14:27:53","slug":"prefeitura-de-ilheus-prorroga-refis-em-razao-dos-efeitos-economicos-da-covid-19","status":"publish","type":"post","link":"https:\/\/www.bahiananoticias.com.br\/v1\/2021\/08\/16\/prefeitura-de-ilheus-prorroga-refis-em-razao-dos-efeitos-economicos-da-covid-19\/","title":{"rendered":"PREFEITURA DE ILH\u00c9US PRORROGA REFIS EM RAZ\u00c3O DOS EFEITOS ECON\u00d4MICOS DA COVID-19"},"content":{"rendered":"<div id=\"attachment_8740\" style=\"width: 660px\" class=\"wp-caption aligncenter\"><img aria-describedby=\"caption-attachment-8740\" decoding=\"async\" loading=\"lazy\" class=\"size-full wp-image-8740\" src=\"https:\/\/www.bahiananoticias.com.br\/v1\/wp-content\/uploads\/2021\/08\/BD46C28B-BED3-EDEA-DECB-15836DE3DDBC_650X450.jpg\" alt=\"\" width=\"650\" height=\"450\" srcset=\"https:\/\/www.bahiananoticias.com.br\/v1\/wp-content\/uploads\/2021\/08\/BD46C28B-BED3-EDEA-DECB-15836DE3DDBC_650X450.jpg 650w, https:\/\/www.bahiananoticias.com.br\/v1\/wp-content\/uploads\/2021\/08\/BD46C28B-BED3-EDEA-DECB-15836DE3DDBC_650X450-300x208.jpg 300w, https:\/\/www.bahiananoticias.com.br\/v1\/wp-content\/uploads\/2021\/08\/BD46C28B-BED3-EDEA-DECB-15836DE3DDBC_650X450-600x415.jpg 600w\" sizes=\"(max-width: 650px) 100vw, 650px\" \/><p id=\"caption-attachment-8740\" class=\"wp-caption-text\">Os interessados podem procurar o setor de Tributos da Prefeitura que fica no Pal\u00e1cio Paranagu\u00e1, Centro da cidade, para a negocia\u00e7\u00e3o dos d\u00e9bitos.<\/p><\/div>\n<p><span style=\"font-family: tahoma, geneva, sans-serif;\">Quem ainda n\u00e3o aproveitou a oportunidade de regularizar d\u00e9bitos tribut\u00e1rios municipais em raz\u00e3o dos efeitos econ\u00f4micos da pandemia, ter\u00e1 uma nova chance de pagamento parcelado, com redu\u00e7\u00e3o de juros e multas, em Ilh\u00e9us. O prefeito M\u00e1rio Alexandre baixou o decreto que prorroga o Refis (Programa Especial de Recupera\u00e7\u00e3o de Cr\u00e9dito) por 40 (quarenta) dias.<\/span><\/p>\n<p><span style=\"font-family: tahoma, geneva, sans-serif;\">De acordo com o titular da pasta de Fazenda e Or\u00e7amento, Mozart Arag\u00e3o, \u201co prefeito adotou uma s\u00e9rie de medidas para minimizar o impacto financeiro da Covid-19, sendo uma delas o Refis, que desde 2019 vem sendo operado e prorrogado progressivamente em Ilh\u00e9us. Assim, as pessoas que passaram tantas dificuldades na pandemia com a redu\u00e7\u00e3o de lucros, poder\u00e3o pagar suas d\u00edvidas de forma parcelada e com incentivos fiscais\u201d. Mozart associou as medidas tribut\u00e1rias adotadas pelo munic\u00edpio \u00e0 continuidade da arrecada\u00e7\u00e3o de receita, que entre 2019 a 2021, o munic\u00edpio alcan\u00e7ou cerca de 17 milh\u00f5es de reais, momento em que as pessoas e empresas puderam pagar as d\u00edvidas de acordo com suas possibilidades.<\/span><\/p>\n<p><span style=\"font-family: tahoma, geneva, sans-serif;\">Quem optar o parcelamento em cota \u00fanica, o desconto de juros e multa ser\u00e1 de 100%; para parcelamento em tr\u00eas vezes, o desconto de juros e multa \u00e9 de 50%; em cinco vezes, 40%; em seis vezes, 30%; em oito vezes, 20% de desconto nos juros e multa; e de 10% de desconto de juros e multa para quem optar o parcelamento em dez vezes. O valor m\u00ednimo de cada parcela \u00e9 de R$ 80,00.<\/span><\/p>\n<p><span style=\"font-family: tahoma, geneva, sans-serif;\">Os interessados podem procurar o setor de Tributos da Prefeitura que fica no Pal\u00e1cio Paranagu\u00e1, Centro da cidade, para a negocia\u00e7\u00e3o dos d\u00e9bitos.<\/span><\/p>\n","protected":false},"excerpt":{"rendered":"<p>Quem ainda n\u00e3o aproveitou a oportunidade de regularizar d\u00e9bitos tribut\u00e1rios municipais em raz\u00e3o dos efeitos econ\u00f4micos da pandemia, ter\u00e1 uma nova chance de pagamento parcelado, com redu\u00e7\u00e3o de juros e multas, em Ilh\u00e9us. O prefeito M\u00e1rio Alexandre baixou o decreto que prorroga o Refis (Programa Especial de Recupera\u00e7\u00e3o de Cr\u00e9dito) por 40 (quarenta) dias. De [&hellip;]<\/p>\n","protected":false},"author":2,"featured_media":8740,"comment_status":"closed","ping_status":"closed","sticky":false,"template":"","format":"standard","meta":{"_links_to":"","_links_to_target":""},"categories":[11,2],"tags":[],"views":367,"_links":{"self":[{"href":"https:\/\/www.bahiananoticias.com.br\/v1\/wp-json\/wp\/v2\/posts\/8739"}],"collection":[{"href":"https:\/\/www.bahiananoticias.com.br\/v1\/wp-json\/wp\/v2\/posts"}],"about":[{"href":"https:\/\/www.bahiananoticias.com.br\/v1\/wp-json\/wp\/v2\/types\/post"}],"author":[{"embeddable":true,"href":"https:\/\/www.bahiananoticias.com.br\/v1\/wp-json\/wp\/v2\/users\/2"}],"replies":[{"embeddable":true,"href":"https:\/\/www.bahiananoticias.com.br\/v1\/wp-json\/wp\/v2\/comments?post=8739"}],"version-history":[{"count":1,"href":"https:\/\/www.bahiananoticias.com.br\/v1\/wp-json\/wp\/v2\/posts\/8739\/revisions"}],"predecessor-version":[{"id":8741,"href":"https:\/\/www.bahiananoticias.com.br\/v1\/wp-json\/wp\/v2\/posts\/8739\/revisions\/8741"}],"wp:featuredmedia":[{"embeddable":true,"href":"https:\/\/www.bahiananoticias.com.br\/v1\/wp-json\/wp\/v2\/media\/8740"}],"wp:attachment":[{"href":"https:\/\/www.bahiananoticias.com.br\/v1\/wp-json\/wp\/v2\/media?parent=8739"}],"wp:term":[{"taxonomy":"category","embeddable":true,"href":"https:\/\/www.bahiananoticias.com.br\/v1\/wp-json\/wp\/v2\/categories?post=8739"},{"taxonomy":"post_tag","embeddable":true,"href":"https:\/\/www.bahiananoticias.com.br\/v1\/wp-json\/wp\/v2\/tags?post=8739"}],"curies":[{"name":"wp","href":"https:\/\/api.w.org\/{rel}","templated":true}]}}