{"id":8659,"date":"2021-08-12T09:33:43","date_gmt":"2021-08-12T12:33:43","guid":{"rendered":"https:\/\/www.bahiananoticias.com.br\/v1\/?p=8659"},"modified":"2021-08-12T09:33:43","modified_gmt":"2021-08-12T12:33:43","slug":"com-salarios-atrasados-funcionarios-da-santa-casa-de-itabuna-marcam-protesto","status":"publish","type":"post","link":"https:\/\/www.bahiananoticias.com.br\/v1\/2021\/08\/12\/com-salarios-atrasados-funcionarios-da-santa-casa-de-itabuna-marcam-protesto\/","title":{"rendered":"COM SAL\u00c1RIOS ATRASADOS, FUNCION\u00c1RIOS DA SANTA CASA DE ITABUNA MARCAM PROTESTO"},"content":{"rendered":"<div id=\"attachment_1175\" style=\"width: 500px\" class=\"wp-caption aligncenter\"><img aria-describedby=\"caption-attachment-1175\" decoding=\"async\" loading=\"lazy\" class=\"size-full wp-image-1175\" src=\"https:\/\/www.bahiananoticias.com.br\/v1\/wp-content\/uploads\/2020\/10\/santacasaitabunahcmf.jpg\" alt=\"\" width=\"490\" height=\"367\" srcset=\"https:\/\/www.bahiananoticias.com.br\/v1\/wp-content\/uploads\/2020\/10\/santacasaitabunahcmf.jpg 490w, https:\/\/www.bahiananoticias.com.br\/v1\/wp-content\/uploads\/2020\/10\/santacasaitabunahcmf-300x225.jpg 300w\" sizes=\"(max-width: 490px) 100vw, 490px\" \/><p id=\"caption-attachment-1175\" class=\"wp-caption-text\">Ato ser\u00e1 realizado hoje (12), em frente ao Hospital Calixto Midlej Filho.<\/p><\/div>\n<p>Com sal\u00e1rios atrasados, funcion\u00e1rios da Santa Casa de Miseric\u00f3rdia de Itabuna marcaram um protesto para esta quinta-feira, 12, em frente ao Hospital Calixto Midlej Filho.<\/p>\n<p>Ao reconhecer o atraso no repasse \u00e0 institui\u00e7\u00e3o, a Secretaria de Sa\u00fade de Itabuna informou que o contrato de presta\u00e7\u00e3o de servi\u00e7os da Santa Casa est\u00e1 sendo negociado desde o come\u00e7o da nova gest\u00e3o municipal, &#8220;inclusive com a inclus\u00e3o de novos servi\u00e7os\u201d<\/p>\n<p>Ainda de acordo com a pasta, os pagamentos t\u00eam sido realizados tendo como base o contrato da administra\u00e7\u00e3o passada. Com os aditivos ao contrato em negocia\u00e7\u00e3o, \u201ctende a demorar mais um pouco o tr\u00e2mite burocr\u00e1tico\u201d. A secretaria ressaltou que a provedoria da Santa Casa \u201ctem sido cooperativa quanto ao eventuais atrasos dos repasses\u201d.<\/p>\n","protected":false},"excerpt":{"rendered":"<p>Com sal\u00e1rios atrasados, funcion\u00e1rios da Santa Casa de Miseric\u00f3rdia de Itabuna marcaram um protesto para esta quinta-feira, 12, em frente ao Hospital Calixto Midlej Filho. Ao reconhecer o atraso no repasse \u00e0 institui\u00e7\u00e3o, a Secretaria de Sa\u00fade de Itabuna informou que o contrato de presta\u00e7\u00e3o de servi\u00e7os da Santa Casa est\u00e1 sendo negociado desde o [&hellip;]<\/p>\n","protected":false},"author":2,"featured_media":1175,"comment_status":"closed","ping_status":"closed","sticky":false,"template":"","format":"standard","meta":{"_links_to":"","_links_to_target":""},"categories":[35],"tags":[],"views":371,"_links":{"self":[{"href":"https:\/\/www.bahiananoticias.com.br\/v1\/wp-json\/wp\/v2\/posts\/8659"}],"collection":[{"href":"https:\/\/www.bahiananoticias.com.br\/v1\/wp-json\/wp\/v2\/posts"}],"about":[{"href":"https:\/\/www.bahiananoticias.com.br\/v1\/wp-json\/wp\/v2\/types\/post"}],"author":[{"embeddable":true,"href":"https:\/\/www.bahiananoticias.com.br\/v1\/wp-json\/wp\/v2\/users\/2"}],"replies":[{"embeddable":true,"href":"https:\/\/www.bahiananoticias.com.br\/v1\/wp-json\/wp\/v2\/comments?post=8659"}],"version-history":[{"count":1,"href":"https:\/\/www.bahiananoticias.com.br\/v1\/wp-json\/wp\/v2\/posts\/8659\/revisions"}],"predecessor-version":[{"id":8660,"href":"https:\/\/www.bahiananoticias.com.br\/v1\/wp-json\/wp\/v2\/posts\/8659\/revisions\/8660"}],"wp:featuredmedia":[{"embeddable":true,"href":"https:\/\/www.bahiananoticias.com.br\/v1\/wp-json\/wp\/v2\/media\/1175"}],"wp:attachment":[{"href":"https:\/\/www.bahiananoticias.com.br\/v1\/wp-json\/wp\/v2\/media?parent=8659"}],"wp:term":[{"taxonomy":"category","embeddable":true,"href":"https:\/\/www.bahiananoticias.com.br\/v1\/wp-json\/wp\/v2\/categories?post=8659"},{"taxonomy":"post_tag","embeddable":true,"href":"https:\/\/www.bahiananoticias.com.br\/v1\/wp-json\/wp\/v2\/tags?post=8659"}],"curies":[{"name":"wp","href":"https:\/\/api.w.org\/{rel}","templated":true}]}}