{"id":8614,"date":"2021-08-11T10:15:27","date_gmt":"2021-08-11T13:15:27","guid":{"rendered":"https:\/\/www.bahiananoticias.com.br\/v1\/?p=8614"},"modified":"2021-08-11T10:15:27","modified_gmt":"2021-08-11T13:15:27","slug":"bahia-tem-deficit-de-pelo-menos-861-mil-doses-de-vacina-contra-a-covid-19","status":"publish","type":"post","link":"https:\/\/www.bahiananoticias.com.br\/v1\/2021\/08\/11\/bahia-tem-deficit-de-pelo-menos-861-mil-doses-de-vacina-contra-a-covid-19\/","title":{"rendered":"BAHIA TEM D\u00c9FICIT DE PELO MENOS 861 MIL DOSES DE VACINA CONTRA A COVID-19"},"content":{"rendered":"<div id=\"attachment_6700\" style=\"width: 580px\" class=\"wp-caption aligncenter\"><img aria-describedby=\"caption-attachment-6700\" decoding=\"async\" loading=\"lazy\" class=\"size-full wp-image-6700\" src=\"https:\/\/www.bahiananoticias.com.br\/v1\/wp-content\/uploads\/2021\/06\/VACINA.jpg\" alt=\"\" width=\"570\" height=\"351\" srcset=\"https:\/\/www.bahiananoticias.com.br\/v1\/wp-content\/uploads\/2021\/06\/VACINA.jpg 570w, https:\/\/www.bahiananoticias.com.br\/v1\/wp-content\/uploads\/2021\/06\/VACINA-300x185.jpg 300w\" sizes=\"(max-width: 570px) 100vw, 570px\" \/><p id=\"caption-attachment-6700\" class=\"wp-caption-text\">De acordo com a Sesab. o estado \u00e9 o segundo do pa\u00eds com a maior defasagem de doses, atr\u00e1s apenas do Par\u00e1, que deixou de receber 1,2 milh\u00e3o de imunizantes<\/p><\/div>\n<p>Um levantamento da Secretaria da Sa\u00fade do Estado da Bahia (Sesab) aponta uma defasagem de pelo menos 860 mil doses de vacina contra a Covid-19 que deixaram de ser recebidas pelo estado por conta do modelo adotado pelo Minist\u00e9rio da Sa\u00fade para a distribui\u00e7\u00e3o de doses.<\/p>\n<p>De acordo com a Sesab, o estado \u00e9 o segundo do pa\u00eds com a maior defasagem de doses, atr\u00e1s apenas do Par\u00e1, que deixou de receber 1,2 milh\u00e3o de imunizantes.<\/p>\n<p>Em julho, quando o d\u00e9ficit era de 750 mil doses no estado e de 200 mil em Salvador, o ent\u00e3o titular da Sesab, F\u00e1bio Villas-Boas, cobrou a mudan\u00e7a no crit\u00e9rio, que leva em conta a distribui\u00e7\u00e3o por grupos priorit\u00e1rios ao inv\u00e9s da popula\u00e7\u00e3o dos estados.<\/p>\n<p>&#8220;Precisamos que o crit\u00e9rio de distribui\u00e7\u00e3o das vacinas seja revisto pelo Minist\u00e9rio da Sa\u00fade. A Bahia representa cerca de 7% da popula\u00e7\u00e3o brasileira. Neste cen\u00e1rio, deixamos de receber pelo menos 750 mil doses da vacina contra a Covid-19&#8221;, afirmou.<!--more--><\/p>\n<p>Algo que tamb\u00e9m foi cobrado pelo secret\u00e1rio de Sa\u00fade de Salvador, Leo Prates, que fez pedidos p\u00fablicos ao ministro Marcelo Queiroga, que chegou a reconhecer problemas na distribui\u00e7\u00e3o mas at\u00e9 o momento n\u00e3o optou pela mudan\u00e7a nos crit\u00e9rios, pela resolu\u00e7\u00e3o da quest\u00e3o.<\/p>\n<p>&#8220;H\u00e1 muito tempo, eu venho falando sobre o crit\u00e9rio de distribui\u00e7\u00e3o de doses no Brasil. A nossa cr\u00edtica n\u00e3o era contra ningu\u00e9m, era a favor de Salvador, a favor da Bahia. Imagino que o minist\u00e9rio se baseou em campanhas passadas, como a da gripe, e foram pegando a propor\u00e7\u00e3o conforme os grupos priorit\u00e1rios, como comorbidades, idosos. S\u00f3 que nenhuma campanha \u00e9 igual a essa. E normalmente nos estados do Sul as pessoas se vacinam mais contra a gripe do que no Nordeste. Ent\u00e3o todo mundo deveria receber as doses conforme sua popula\u00e7\u00e3o acima de 18 anos&#8221;, disse.<\/p>\n<p>Um levantamento feito pelo portal UOL no \u00faltimo domingo, 8, apontou que o d\u00e9ficit na distribui\u00e7\u00e3o dos imunizantes tem afetado majoritariamente estados do Norte e do Nordeste. De acordo com a reportagem, pela falta de equipara\u00e7\u00e3o populacional do PNI (Programa Nacional de Imuniza\u00e7\u00f5es), o estado de S\u00e3o Paulo, l\u00edder no recebimento, recebeu 57% a mais de vacinas do que o Amap\u00e1, \u00faltimo no ranking.<\/p>\n<p>De acordo com os dados levantados at\u00e9 o \u00faltimo dia 2, S\u00e3o Paulo recebeu 48 milh\u00f5es de doses, o que equivale a 1,04 dose por habitante, enquanto o Amap\u00e1 recebeu 571 mil doses, 0,66 dose por habitante.<\/p>\n<p>A Bahia recebeu 11.329.910 doses para uma popula\u00e7\u00e3o de 14.930.634 milh\u00f5es, o que equivale a 0,76 dose por habitante.<\/p>\n","protected":false},"excerpt":{"rendered":"<p>Um levantamento da Secretaria da Sa\u00fade do Estado da Bahia (Sesab) aponta uma defasagem de pelo menos 860 mil doses de vacina contra a Covid-19 que deixaram de ser recebidas pelo estado por conta do modelo adotado pelo Minist\u00e9rio da Sa\u00fade para a distribui\u00e7\u00e3o de doses. De acordo com a Sesab, o estado \u00e9 o [&hellip;]<\/p>\n","protected":false},"author":2,"featured_media":6700,"comment_status":"closed","ping_status":"closed","sticky":false,"template":"","format":"standard","meta":{"_links_to":"","_links_to_target":""},"categories":[35],"tags":[],"views":410,"_links":{"self":[{"href":"https:\/\/www.bahiananoticias.com.br\/v1\/wp-json\/wp\/v2\/posts\/8614"}],"collection":[{"href":"https:\/\/www.bahiananoticias.com.br\/v1\/wp-json\/wp\/v2\/posts"}],"about":[{"href":"https:\/\/www.bahiananoticias.com.br\/v1\/wp-json\/wp\/v2\/types\/post"}],"author":[{"embeddable":true,"href":"https:\/\/www.bahiananoticias.com.br\/v1\/wp-json\/wp\/v2\/users\/2"}],"replies":[{"embeddable":true,"href":"https:\/\/www.bahiananoticias.com.br\/v1\/wp-json\/wp\/v2\/comments?post=8614"}],"version-history":[{"count":1,"href":"https:\/\/www.bahiananoticias.com.br\/v1\/wp-json\/wp\/v2\/posts\/8614\/revisions"}],"predecessor-version":[{"id":8615,"href":"https:\/\/www.bahiananoticias.com.br\/v1\/wp-json\/wp\/v2\/posts\/8614\/revisions\/8615"}],"wp:featuredmedia":[{"embeddable":true,"href":"https:\/\/www.bahiananoticias.com.br\/v1\/wp-json\/wp\/v2\/media\/6700"}],"wp:attachment":[{"href":"https:\/\/www.bahiananoticias.com.br\/v1\/wp-json\/wp\/v2\/media?parent=8614"}],"wp:term":[{"taxonomy":"category","embeddable":true,"href":"https:\/\/www.bahiananoticias.com.br\/v1\/wp-json\/wp\/v2\/categories?post=8614"},{"taxonomy":"post_tag","embeddable":true,"href":"https:\/\/www.bahiananoticias.com.br\/v1\/wp-json\/wp\/v2\/tags?post=8614"}],"curies":[{"name":"wp","href":"https:\/\/api.w.org\/{rel}","templated":true}]}}