{"id":8597,"date":"2021-08-10T11:05:33","date_gmt":"2021-08-10T14:05:33","guid":{"rendered":"https:\/\/www.bahiananoticias.com.br\/v1\/?p=8597"},"modified":"2021-08-10T11:05:33","modified_gmt":"2021-08-10T14:05:33","slug":"idoso-e-agredido-por-atendente-de-farmacia-em-ibicarai","status":"publish","type":"post","link":"https:\/\/www.bahiananoticias.com.br\/v1\/2021\/08\/10\/idoso-e-agredido-por-atendente-de-farmacia-em-ibicarai\/","title":{"rendered":"IDOSO \u00c9 AGREDIDO POR ATENDENTE DE FARM\u00c1CIA EM IBICARA\u00cd"},"content":{"rendered":"<div id=\"attachment_8598\" style=\"width: 580px\" class=\"wp-caption aligncenter\"><img aria-describedby=\"caption-attachment-8598\" decoding=\"async\" loading=\"lazy\" class=\"size-full wp-image-8598\" src=\"https:\/\/www.bahiananoticias.com.br\/v1\/wp-content\/uploads\/2021\/08\/whatsapp-image-2021-08-09-at-20.56.29.jpg\" alt=\"\" width=\"570\" height=\"313\" srcset=\"https:\/\/www.bahiananoticias.com.br\/v1\/wp-content\/uploads\/2021\/08\/whatsapp-image-2021-08-09-at-20.56.29.jpg 570w, https:\/\/www.bahiananoticias.com.br\/v1\/wp-content\/uploads\/2021\/08\/whatsapp-image-2021-08-09-at-20.56.29-300x165.jpg 300w\" sizes=\"(max-width: 570px) 100vw, 570px\" \/><p id=\"caption-attachment-8598\" class=\"wp-caption-text\">Idoso de 65 anos \u00e9 agredido com tapas e socos por atendente de farm\u00e1cia no sul da Bahia \u2014 Foto: Reprodu\u00e7\u00e3o \/ TV Santa Cruz<\/p><\/div>\n<p>Um idoso de 65 anos foi agredido com tapas e socos por um atendente de farm\u00e1cia ap\u00f3s entrar no estabelecimento para comprar um rem\u00e9dio. O caso ocorreu na cidade de Ibicara\u00ed, no sul da Bahia. A a\u00e7\u00e3o foi flagrada por c\u00e2meras de seguran\u00e7a da farm\u00e1cia.<\/p>\n<p>A agress\u00e3o aconteceu na noite de sexta-feira (8). As imagens mostram que o idoso cai ap\u00f3s ser agredido e \u00e9 arrastado para fora da farm\u00e1cia.<\/p>\n<p>As c\u00e2meras ainda mostram que o idoso voltou para a parte interna do estabelecimento e recebeu murros na cabe\u00e7a. A fam\u00edlia dele registrou boletim de ocorr\u00eancia na delegacia e a pol\u00edcia vai apurar o caso.<!--more--><\/p>\n<p>Em nota, o dono da farm\u00e1cia repudiou a situa\u00e7\u00e3o e informou que demitiu o funcion\u00e1rio ap\u00f3s tomar conhecimento sobre o fato.<\/p>\n","protected":false},"excerpt":{"rendered":"<p>Um idoso de 65 anos foi agredido com tapas e socos por um atendente de farm\u00e1cia ap\u00f3s entrar no estabelecimento para comprar um rem\u00e9dio. O caso ocorreu na cidade de Ibicara\u00ed, no sul da Bahia. A a\u00e7\u00e3o foi flagrada por c\u00e2meras de seguran\u00e7a da farm\u00e1cia. A agress\u00e3o aconteceu na noite de sexta-feira (8). As imagens [&hellip;]<\/p>\n","protected":false},"author":2,"featured_media":8598,"comment_status":"closed","ping_status":"closed","sticky":false,"template":"","format":"standard","meta":{"_links_to":"","_links_to_target":""},"categories":[6,35],"tags":[],"views":533,"_links":{"self":[{"href":"https:\/\/www.bahiananoticias.com.br\/v1\/wp-json\/wp\/v2\/posts\/8597"}],"collection":[{"href":"https:\/\/www.bahiananoticias.com.br\/v1\/wp-json\/wp\/v2\/posts"}],"about":[{"href":"https:\/\/www.bahiananoticias.com.br\/v1\/wp-json\/wp\/v2\/types\/post"}],"author":[{"embeddable":true,"href":"https:\/\/www.bahiananoticias.com.br\/v1\/wp-json\/wp\/v2\/users\/2"}],"replies":[{"embeddable":true,"href":"https:\/\/www.bahiananoticias.com.br\/v1\/wp-json\/wp\/v2\/comments?post=8597"}],"version-history":[{"count":1,"href":"https:\/\/www.bahiananoticias.com.br\/v1\/wp-json\/wp\/v2\/posts\/8597\/revisions"}],"predecessor-version":[{"id":8599,"href":"https:\/\/www.bahiananoticias.com.br\/v1\/wp-json\/wp\/v2\/posts\/8597\/revisions\/8599"}],"wp:featuredmedia":[{"embeddable":true,"href":"https:\/\/www.bahiananoticias.com.br\/v1\/wp-json\/wp\/v2\/media\/8598"}],"wp:attachment":[{"href":"https:\/\/www.bahiananoticias.com.br\/v1\/wp-json\/wp\/v2\/media?parent=8597"}],"wp:term":[{"taxonomy":"category","embeddable":true,"href":"https:\/\/www.bahiananoticias.com.br\/v1\/wp-json\/wp\/v2\/categories?post=8597"},{"taxonomy":"post_tag","embeddable":true,"href":"https:\/\/www.bahiananoticias.com.br\/v1\/wp-json\/wp\/v2\/tags?post=8597"}],"curies":[{"name":"wp","href":"https:\/\/api.w.org\/{rel}","templated":true}]}}