{"id":836,"date":"2020-10-08T10:08:35","date_gmt":"2020-10-08T13:08:35","guid":{"rendered":"https:\/\/www.bahiananoticias.com.br\/v1\/?p=836"},"modified":"2020-10-08T10:08:35","modified_gmt":"2020-10-08T13:08:35","slug":"bahia-novo-decreto-de-calamidade-publica-para-todo-o-estado-e-publicado","status":"publish","type":"post","link":"https:\/\/www.bahiananoticias.com.br\/v1\/2020\/10\/08\/bahia-novo-decreto-de-calamidade-publica-para-todo-o-estado-e-publicado\/","title":{"rendered":"BAHIA: NOVO DECRETO DE CALAMIDADE P\u00daBLICA PARA TODO O ESTADO \u00c9 PUBLICADO"},"content":{"rendered":"<div id=\"attachment_326\" style=\"width: 310px\" class=\"wp-caption aligncenter\"><img aria-describedby=\"caption-attachment-326\" decoding=\"async\" loading=\"lazy\" class=\"size-medium wp-image-326\" src=\"https:\/\/www.bahiananoticias.com.br\/v1\/wp-content\/uploads\/2020\/09\/Rui-Costa-300x191.jpeg\" alt=\"\" width=\"300\" height=\"191\" srcset=\"https:\/\/www.bahiananoticias.com.br\/v1\/wp-content\/uploads\/2020\/09\/Rui-Costa-300x191.jpeg 300w, https:\/\/www.bahiananoticias.com.br\/v1\/wp-content\/uploads\/2020\/09\/Rui-Costa.jpeg 570w\" sizes=\"(max-width: 300px) 100vw, 300px\" \/><p id=\"caption-attachment-326\" class=\"wp-caption-text\">Governador Rui Costa, publica novo decreto de calamidade p\u00fablica para todo o estado.<\/p><\/div>\n<p>Ser\u00e1 publicado no Di\u00e1rio Oficial desta quinta-feira,8, um novo decreto de calamidade p\u00fablica na Bahia em virtude da pandemia do coronav\u00edrus. O decreto entra em vigor na data da publica\u00e7\u00e3o.<\/p>\n<p>Com o novo documento, fica autorizada a mobiliza\u00e7\u00e3o de todos os \u00f3rg\u00e3os estaduais, no \u00e2mbito das suas compet\u00eancias, para apoiar as a\u00e7\u00f5es de resposta ao desastre. Estado e munic\u00edpios poder\u00e3o acessar recursos federais via Secretaria Nacional de Prote\u00e7\u00e3o e Defesa Civil para que sejam utilizados no combate \u00e0 pandemia da Covid-19.<!--more--><\/p>\n<p>O documento ser\u00e1 encaminhado ao Governo Federal para que seja obtido o reconhecimento da Uni\u00e3o. O novo decreto substitui o anterior, publicado pelo Governo do Estado em abril, e que tinha validade at\u00e9 esta quarta-feira,7.<\/p>\n","protected":false},"excerpt":{"rendered":"<p>Ser\u00e1 publicado no Di\u00e1rio Oficial desta quinta-feira,8, um novo decreto de calamidade p\u00fablica na Bahia em virtude da pandemia do coronav\u00edrus. O decreto entra em vigor na data da publica\u00e7\u00e3o. Com o novo documento, fica autorizada a mobiliza\u00e7\u00e3o de todos os \u00f3rg\u00e3os estaduais, no \u00e2mbito das suas compet\u00eancias, para apoiar as a\u00e7\u00f5es de resposta ao [&hellip;]<\/p>\n","protected":false},"author":2,"featured_media":326,"comment_status":"closed","ping_status":"closed","sticky":false,"template":"","format":"standard","meta":{"_links_to":"","_links_to_target":""},"categories":[11],"tags":[45,67],"views":470,"_links":{"self":[{"href":"https:\/\/www.bahiananoticias.com.br\/v1\/wp-json\/wp\/v2\/posts\/836"}],"collection":[{"href":"https:\/\/www.bahiananoticias.com.br\/v1\/wp-json\/wp\/v2\/posts"}],"about":[{"href":"https:\/\/www.bahiananoticias.com.br\/v1\/wp-json\/wp\/v2\/types\/post"}],"author":[{"embeddable":true,"href":"https:\/\/www.bahiananoticias.com.br\/v1\/wp-json\/wp\/v2\/users\/2"}],"replies":[{"embeddable":true,"href":"https:\/\/www.bahiananoticias.com.br\/v1\/wp-json\/wp\/v2\/comments?post=836"}],"version-history":[{"count":1,"href":"https:\/\/www.bahiananoticias.com.br\/v1\/wp-json\/wp\/v2\/posts\/836\/revisions"}],"predecessor-version":[{"id":837,"href":"https:\/\/www.bahiananoticias.com.br\/v1\/wp-json\/wp\/v2\/posts\/836\/revisions\/837"}],"wp:featuredmedia":[{"embeddable":true,"href":"https:\/\/www.bahiananoticias.com.br\/v1\/wp-json\/wp\/v2\/media\/326"}],"wp:attachment":[{"href":"https:\/\/www.bahiananoticias.com.br\/v1\/wp-json\/wp\/v2\/media?parent=836"}],"wp:term":[{"taxonomy":"category","embeddable":true,"href":"https:\/\/www.bahiananoticias.com.br\/v1\/wp-json\/wp\/v2\/categories?post=836"},{"taxonomy":"post_tag","embeddable":true,"href":"https:\/\/www.bahiananoticias.com.br\/v1\/wp-json\/wp\/v2\/tags?post=836"}],"curies":[{"name":"wp","href":"https:\/\/api.w.org\/{rel}","templated":true}]}}