{"id":803,"date":"2020-10-07T10:22:22","date_gmt":"2020-10-07T13:22:22","guid":{"rendered":"https:\/\/www.bahiananoticias.com.br\/v1\/?p=803"},"modified":"2020-10-07T10:22:22","modified_gmt":"2020-10-07T13:22:22","slug":"decreto-cria-programa-para-modernizar-conselhos-tutelares","status":"publish","type":"post","link":"https:\/\/www.bahiananoticias.com.br\/v1\/2020\/10\/07\/decreto-cria-programa-para-modernizar-conselhos-tutelares\/","title":{"rendered":"DECRETO CRIA PROGRAMA PARA MODERNIZAR CONSELHOS TUTELARES"},"content":{"rendered":"<p><img decoding=\"async\" loading=\"lazy\" class=\"aligncenter size-medium wp-image-804\" src=\"https:\/\/www.bahiananoticias.com.br\/v1\/wp-content\/uploads\/2020\/10\/conselho-tutelar-041019-1-300x200.jpg\" alt=\"\" width=\"300\" height=\"200\" srcset=\"https:\/\/www.bahiananoticias.com.br\/v1\/wp-content\/uploads\/2020\/10\/conselho-tutelar-041019-1-300x200.jpg 300w, https:\/\/www.bahiananoticias.com.br\/v1\/wp-content\/uploads\/2020\/10\/conselho-tutelar-041019-1.jpg 570w\" sizes=\"(max-width: 300px) 100vw, 300px\" \/><\/p>\n<p>O presidente Jair Bolsonaro editou, nesta ter\u00e7a-feira,6, um decreto que institui o Programa de Equipagem e de Moderniza\u00e7\u00e3o da Infraestrutura dos \u00d3rg\u00e3os, das Entidades e das Inst\u00e2ncias Colegiadas de Promo\u00e7\u00e3o e de Defesa dos Direitos Humanos, chamado de <strong>Pr\u00f3-DH<\/strong>.<img decoding=\"async\" src=\"https:\/\/agenciabrasil.ebc.com.br\/ebc.png?id=1389974&amp;o=rss\" \/><img decoding=\"async\" src=\"https:\/\/agenciabrasil.ebc.com.br\/ebc.gif?id=1389974&amp;o=rss\" \/><\/p>\n<p>De acordo com a Secretaria Geral da Presid\u00eancia da Rep\u00fablica, o<strong> programa visa melhorar as condi\u00e7\u00f5es de funcionamento dos conselhos tutelares.<\/strong><\/p>\n<p><strong>O decreto ser\u00e1 aplicado tamb\u00e9m a\u00a0outros espa\u00e7os e equipamentos p\u00fablicos municipais e estaduais<\/strong>, bem como a qualifica\u00e7\u00e3o do atendimento das fam\u00edlias, crian\u00e7as, adolescentes e jovens, mulheres, idosas, pessoas com defici\u00eancia, popula\u00e7\u00e3o negra e comunidades tradicionais.<!--more--><\/p>\n<p>O ato normativo detalha a\u00e7\u00f5es para modernizar a infraestrutura dos espa\u00e7os e equipamentos usados para a promo\u00e7\u00e3o e a defesa dos direitos humanos.<\/p>\n<p>Ele tamb\u00e9m amplia\u00a0os servi\u00e7os destinados \u00e0 promo\u00e7\u00e3o e defesa dos direitos humanos; e colabora\u00a0para a integra\u00e7\u00e3o e fortalecimento das pol\u00edticas p\u00fablicas que utilizam espa\u00e7os e equipamentos para a promo\u00e7\u00e3o e a defesa dos direitos humanos, mais especificamente, a doa\u00e7\u00e3o de bens m\u00f3veis.<\/p>\n","protected":false},"excerpt":{"rendered":"<p>O presidente Jair Bolsonaro editou, nesta ter\u00e7a-feira,6, um decreto que institui o Programa de Equipagem e de Moderniza\u00e7\u00e3o da Infraestrutura dos \u00d3rg\u00e3os, das Entidades e das Inst\u00e2ncias Colegiadas de Promo\u00e7\u00e3o e de Defesa dos Direitos Humanos, chamado de Pr\u00f3-DH. De acordo com a Secretaria Geral da Presid\u00eancia da Rep\u00fablica, o programa visa melhorar as condi\u00e7\u00f5es [&hellip;]<\/p>\n","protected":false},"author":2,"featured_media":804,"comment_status":"closed","ping_status":"closed","sticky":false,"template":"","format":"standard","meta":{"_links_to":"","_links_to_target":""},"categories":[9],"tags":[],"views":500,"_links":{"self":[{"href":"https:\/\/www.bahiananoticias.com.br\/v1\/wp-json\/wp\/v2\/posts\/803"}],"collection":[{"href":"https:\/\/www.bahiananoticias.com.br\/v1\/wp-json\/wp\/v2\/posts"}],"about":[{"href":"https:\/\/www.bahiananoticias.com.br\/v1\/wp-json\/wp\/v2\/types\/post"}],"author":[{"embeddable":true,"href":"https:\/\/www.bahiananoticias.com.br\/v1\/wp-json\/wp\/v2\/users\/2"}],"replies":[{"embeddable":true,"href":"https:\/\/www.bahiananoticias.com.br\/v1\/wp-json\/wp\/v2\/comments?post=803"}],"version-history":[{"count":1,"href":"https:\/\/www.bahiananoticias.com.br\/v1\/wp-json\/wp\/v2\/posts\/803\/revisions"}],"predecessor-version":[{"id":805,"href":"https:\/\/www.bahiananoticias.com.br\/v1\/wp-json\/wp\/v2\/posts\/803\/revisions\/805"}],"wp:featuredmedia":[{"embeddable":true,"href":"https:\/\/www.bahiananoticias.com.br\/v1\/wp-json\/wp\/v2\/media\/804"}],"wp:attachment":[{"href":"https:\/\/www.bahiananoticias.com.br\/v1\/wp-json\/wp\/v2\/media?parent=803"}],"wp:term":[{"taxonomy":"category","embeddable":true,"href":"https:\/\/www.bahiananoticias.com.br\/v1\/wp-json\/wp\/v2\/categories?post=803"},{"taxonomy":"post_tag","embeddable":true,"href":"https:\/\/www.bahiananoticias.com.br\/v1\/wp-json\/wp\/v2\/tags?post=803"}],"curies":[{"name":"wp","href":"https:\/\/api.w.org\/{rel}","templated":true}]}}