{"id":785,"date":"2020-10-07T09:27:55","date_gmt":"2020-10-07T12:27:55","guid":{"rendered":"https:\/\/www.bahiananoticias.com.br\/v1\/?p=785"},"modified":"2020-10-07T09:27:55","modified_gmt":"2020-10-07T12:27:55","slug":"alunos-da-uesc-comecaram-nesta-segunda-5-o-trimestre-excepcional","status":"publish","type":"post","link":"https:\/\/www.bahiananoticias.com.br\/v1\/2020\/10\/07\/alunos-da-uesc-comecaram-nesta-segunda-5-o-trimestre-excepcional\/","title":{"rendered":"ALUNOS DA UESC COME\u00c7ARAM NESTA SEGUNDA (5) O TRIMESTRE EXCEPCIONAL"},"content":{"rendered":"<p><img decoding=\"async\" loading=\"lazy\" class=\"aligncenter size-medium wp-image-791\" src=\"https:\/\/www.bahiananoticias.com.br\/v1\/wp-content\/uploads\/2020\/10\/4-Uesc-300x201.jpeg\" alt=\"\" width=\"300\" height=\"201\" srcset=\"https:\/\/www.bahiananoticias.com.br\/v1\/wp-content\/uploads\/2020\/10\/4-Uesc-300x201.jpeg 300w, https:\/\/www.bahiananoticias.com.br\/v1\/wp-content\/uploads\/2020\/10\/4-Uesc.jpeg 448w\" sizes=\"(max-width: 300px) 100vw, 300px\" \/><\/p>\n<p>Alunos da Universidade Estadual de Santa Cruz (Uesc) retomaram as aulas no per\u00edodo letivo trimestral excepcional e tempor\u00e1rio das atividades de ensino de gradua\u00e7\u00e3o e p\u00f3s-gradua\u00e7\u00e3o, na \u00faltima segunda -feira,5. Em fun\u00e7\u00e3o da pandemia do novo coronav\u00edrus SARS-CoV-2, causador da Covid-19, as atividades est\u00e3o sendo realizadas com o uso e desenvolvimento de estrat\u00e9gias de ensino e aprendizagem por meio de formas n\u00e3o presenciais, prioritariamente por processos de educa\u00e7\u00e3o mediada por Tecnologias da Informa\u00e7\u00e3o e Comunica\u00e7\u00e3o (TIC) como alternativas \u00e0s atividades presenciais.<\/p>\n<p>Nessa modalidade, os alunos poder\u00e3o acompanhar, atrav\u00e9s da internet, o conte\u00fado ministrado pelos professores de forma s\u00edncrona \u2013 simult\u00e2nea \u2013 ou ass\u00edncrona \u2013 quando o material fica salvo ou gravado para acesso posterior. O primeiro dia de aula foi positivo para a maioria dos estudantes e professores.<!--more--><\/p>\n<p>O reitor da Uesc, professor Alessandro Fernandes de Santana, avaliou o momento admitindo reconhecer os desafios para concretizar o trimestre excepcional. \u201cVamos estar todos juntos e empenhados, mostrar que a Uesc est\u00e1 cumprindo o papel de alta relev\u00e2ncia para sociedade e n\u00f3s teremos que continuar a acolher, com muito carinho e aten\u00e7\u00e3o, os nossos alunos. Volto a lembrar que ainda estamos em isolamento social. Precisamos estar atentos para um momento muito sens\u00edvel na vida das pessoas e isso requer de cada um de n\u00f3s, docentes, um trato muito especial na aplica\u00e7\u00e3o daquilo que a nossa profiss\u00e3o requer\u201d.<\/p>\n","protected":false},"excerpt":{"rendered":"<p>Alunos da Universidade Estadual de Santa Cruz (Uesc) retomaram as aulas no per\u00edodo letivo trimestral excepcional e tempor\u00e1rio das atividades de ensino de gradua\u00e7\u00e3o e p\u00f3s-gradua\u00e7\u00e3o, na \u00faltima segunda -feira,5. Em fun\u00e7\u00e3o da pandemia do novo coronav\u00edrus SARS-CoV-2, causador da Covid-19, as atividades est\u00e3o sendo realizadas com o uso e desenvolvimento de estrat\u00e9gias de ensino [&hellip;]<\/p>\n","protected":false},"author":2,"featured_media":791,"comment_status":"closed","ping_status":"closed","sticky":false,"template":"","format":"standard","meta":{"_links_to":"","_links_to_target":""},"categories":[35],"tags":[72,45,37,47,38],"views":513,"_links":{"self":[{"href":"https:\/\/www.bahiananoticias.com.br\/v1\/wp-json\/wp\/v2\/posts\/785"}],"collection":[{"href":"https:\/\/www.bahiananoticias.com.br\/v1\/wp-json\/wp\/v2\/posts"}],"about":[{"href":"https:\/\/www.bahiananoticias.com.br\/v1\/wp-json\/wp\/v2\/types\/post"}],"author":[{"embeddable":true,"href":"https:\/\/www.bahiananoticias.com.br\/v1\/wp-json\/wp\/v2\/users\/2"}],"replies":[{"embeddable":true,"href":"https:\/\/www.bahiananoticias.com.br\/v1\/wp-json\/wp\/v2\/comments?post=785"}],"version-history":[{"count":1,"href":"https:\/\/www.bahiananoticias.com.br\/v1\/wp-json\/wp\/v2\/posts\/785\/revisions"}],"predecessor-version":[{"id":792,"href":"https:\/\/www.bahiananoticias.com.br\/v1\/wp-json\/wp\/v2\/posts\/785\/revisions\/792"}],"wp:featuredmedia":[{"embeddable":true,"href":"https:\/\/www.bahiananoticias.com.br\/v1\/wp-json\/wp\/v2\/media\/791"}],"wp:attachment":[{"href":"https:\/\/www.bahiananoticias.com.br\/v1\/wp-json\/wp\/v2\/media?parent=785"}],"wp:term":[{"taxonomy":"category","embeddable":true,"href":"https:\/\/www.bahiananoticias.com.br\/v1\/wp-json\/wp\/v2\/categories?post=785"},{"taxonomy":"post_tag","embeddable":true,"href":"https:\/\/www.bahiananoticias.com.br\/v1\/wp-json\/wp\/v2\/tags?post=785"}],"curies":[{"name":"wp","href":"https:\/\/api.w.org\/{rel}","templated":true}]}}