{"id":782,"date":"2020-10-07T09:07:24","date_gmt":"2020-10-07T12:07:24","guid":{"rendered":"https:\/\/www.bahiananoticias.com.br\/v1\/?p=782"},"modified":"2020-10-07T09:17:23","modified_gmt":"2020-10-07T12:17:23","slug":"bahia-tse-cassa-mandato-do-deputado-estadual-targino-machado-dem","status":"publish","type":"post","link":"https:\/\/www.bahiananoticias.com.br\/v1\/2020\/10\/07\/bahia-tse-cassa-mandato-do-deputado-estadual-targino-machado-dem\/","title":{"rendered":"BAHIA: TSE CASSA MANDATO DO DEPUTADO ESTADUAL TARGINO MACHADO (DEM)"},"content":{"rendered":"<div id=\"attachment_783\" style=\"width: 310px\" class=\"wp-caption aligncenter\"><img aria-describedby=\"caption-attachment-783\" decoding=\"async\" loading=\"lazy\" class=\"size-medium wp-image-783\" src=\"https:\/\/www.bahiananoticias.com.br\/v1\/wp-content\/uploads\/2020\/10\/750_feira-de-santana-targino-machado-jose-ronaldo-eleicoes_202010621209136-300x141.jpg\" alt=\"\" width=\"300\" height=\"141\" srcset=\"https:\/\/www.bahiananoticias.com.br\/v1\/wp-content\/uploads\/2020\/10\/750_feira-de-santana-targino-machado-jose-ronaldo-eleicoes_202010621209136-300x141.jpg 300w, https:\/\/www.bahiananoticias.com.br\/v1\/wp-content\/uploads\/2020\/10\/750_feira-de-santana-targino-machado-jose-ronaldo-eleicoes_202010621209136.jpg 570w\" sizes=\"(max-width: 300px) 100vw, 300px\" \/><p id=\"caption-attachment-783\" class=\"wp-caption-text\">Deputado \u00e9 acusado de abuso de poder<\/p><\/div>\n<p>Tribunal Superior Eleitoral (TSE) cassou, por unanimidade, o mandato do deputado estadual Targino Machado (DEM). Os sete ministro votaram nesta ter\u00e7a-feira, 6, favor\u00e1veis a cassa\u00e7\u00e3o do mandato do pol\u00edtico baiano.<\/p>\n<p>Targino \u00e9 acusado de de abuso de poder ao realizar atendimentos m\u00e9dicos em Feira de Santana. Ele\u00a0chegou a ser absolvido\u00a0no Tribunal Regional Eleitoral da Bahia (TRT-BA), mas o Minist\u00e9rio P\u00fablico Eleitoral, por meio da Procuradoria Regional Eleitoral na Bahia (PRE-BA), recorreu contra decis\u00e3o e levou as acusa\u00e7\u00f5es ao TSE.<\/p>\n<p>Em investiga\u00e7\u00e3o, o MP Eleitoral apurou que pol\u00edtico se valeu da sua condi\u00e7\u00e3o de m\u00e9dico para realizar atendimentos gratuitos para a popula\u00e7\u00e3o de Feira de Santana, com o intuito de angariar votos para sua campanha, em 2018.<!--more--><\/p>\n<p>Ainda conforme as investiga\u00e7\u00f5es, a popula\u00e7\u00e3o era atendida em cl\u00ednicas clandestinas em Feira de Santana e, de l\u00e1, transportada para os munic\u00edpios de Cachoeira e S\u00e3o F\u00e9lix, onde tinham acesso, irregularmente, a servi\u00e7os de sa\u00fade do Sistema \u00danico de Sa\u00fade (SUS). A den\u00fancia foi apresentada pela Secretaria de Sa\u00fade do Estado da Bahia.<\/p>\n<p>Com a decis\u00e3o, o primeiro suplente Thiago Correia (PSDB) dever\u00e1 assumir o mandato. Correia atualmente ocupa a vaga do secret\u00e1rio de Sa\u00fade da capital baiana, Leo Prates (PDT).<\/p>\n<p>&nbsp;<\/p>\n","protected":false},"excerpt":{"rendered":"<p>Tribunal Superior Eleitoral (TSE) cassou, por unanimidade, o mandato do deputado estadual Targino Machado (DEM). Os sete ministro votaram nesta ter\u00e7a-feira, 6, favor\u00e1veis a cassa\u00e7\u00e3o do mandato do pol\u00edtico baiano. Targino \u00e9 acusado de de abuso de poder ao realizar atendimentos m\u00e9dicos em Feira de Santana. Ele\u00a0chegou a ser absolvido\u00a0no Tribunal Regional Eleitoral da Bahia [&hellip;]<\/p>\n","protected":false},"author":2,"featured_media":783,"comment_status":"closed","ping_status":"closed","sticky":false,"template":"","format":"standard","meta":{"_links_to":"","_links_to_target":""},"categories":[11],"tags":[45,39],"views":528,"_links":{"self":[{"href":"https:\/\/www.bahiananoticias.com.br\/v1\/wp-json\/wp\/v2\/posts\/782"}],"collection":[{"href":"https:\/\/www.bahiananoticias.com.br\/v1\/wp-json\/wp\/v2\/posts"}],"about":[{"href":"https:\/\/www.bahiananoticias.com.br\/v1\/wp-json\/wp\/v2\/types\/post"}],"author":[{"embeddable":true,"href":"https:\/\/www.bahiananoticias.com.br\/v1\/wp-json\/wp\/v2\/users\/2"}],"replies":[{"embeddable":true,"href":"https:\/\/www.bahiananoticias.com.br\/v1\/wp-json\/wp\/v2\/comments?post=782"}],"version-history":[{"count":5,"href":"https:\/\/www.bahiananoticias.com.br\/v1\/wp-json\/wp\/v2\/posts\/782\/revisions"}],"predecessor-version":[{"id":789,"href":"https:\/\/www.bahiananoticias.com.br\/v1\/wp-json\/wp\/v2\/posts\/782\/revisions\/789"}],"wp:featuredmedia":[{"embeddable":true,"href":"https:\/\/www.bahiananoticias.com.br\/v1\/wp-json\/wp\/v2\/media\/783"}],"wp:attachment":[{"href":"https:\/\/www.bahiananoticias.com.br\/v1\/wp-json\/wp\/v2\/media?parent=782"}],"wp:term":[{"taxonomy":"category","embeddable":true,"href":"https:\/\/www.bahiananoticias.com.br\/v1\/wp-json\/wp\/v2\/categories?post=782"},{"taxonomy":"post_tag","embeddable":true,"href":"https:\/\/www.bahiananoticias.com.br\/v1\/wp-json\/wp\/v2\/tags?post=782"}],"curies":[{"name":"wp","href":"https:\/\/api.w.org\/{rel}","templated":true}]}}