{"id":775,"date":"2020-10-07T08:46:35","date_gmt":"2020-10-07T11:46:35","guid":{"rendered":"https:\/\/www.bahiananoticias.com.br\/v1\/?p=775"},"modified":"2020-10-07T08:46:35","modified_gmt":"2020-10-07T11:46:35","slug":"conselho-nacional-de-educacao-aprova-juntar-anos-letivos-de-2020-e-2021-e-ensino-remoto-ate-o-fim-do-ano-que-vem","status":"publish","type":"post","link":"https:\/\/www.bahiananoticias.com.br\/v1\/2020\/10\/07\/conselho-nacional-de-educacao-aprova-juntar-anos-letivos-de-2020-e-2021-e-ensino-remoto-ate-o-fim-do-ano-que-vem\/","title":{"rendered":"CONSELHO NACIONAL DE EDUCA\u00c7\u00c3O APROVA JUNTAR ANOS LETIVOS DE 2020 E 2021 E ENSINO REMOTO AT\u00c9 O FIM DO ANO QUE VEM"},"content":{"rendered":"<div id=\"attachment_776\" style=\"width: 310px\" class=\"wp-caption aligncenter\"><img aria-describedby=\"caption-attachment-776\" decoding=\"async\" loading=\"lazy\" class=\"size-medium wp-image-776\" src=\"https:\/\/www.bahiananoticias.com.br\/v1\/wp-content\/uploads\/2020\/10\/cne0610-300x135.jpg\" alt=\"\" width=\"300\" height=\"135\" srcset=\"https:\/\/www.bahiananoticias.com.br\/v1\/wp-content\/uploads\/2020\/10\/cne0610-300x135.jpg 300w, https:\/\/www.bahiananoticias.com.br\/v1\/wp-content\/uploads\/2020\/10\/cne0610.jpg 570w\" sizes=\"(max-width: 300px) 100vw, 300px\" \/><p id=\"caption-attachment-776\" class=\"wp-caption-text\">Reuni\u00e3o do Conselho Nacional de Educa\u00e7\u00e3o (CNE) em 6 de outubro de 2020.<\/p><\/div>\n<p>O Conselho Nacional de Educa\u00e7\u00e3o (CNE) aprovou nesta ter\u00e7a-feira (6) a validade do ensino remoto at\u00e9 dezembro de 2021, ap\u00f3s os 6 meses de suspens\u00e3o das aulas presenciais pela pandemia do coronav\u00edrus, e a jun\u00e7\u00e3o dos anos letivos de 2020 e 2021. O conselho \u00e9 respons\u00e1vel por assessorar o MEC nas pol\u00edticas educacionais federais.<\/p>\n<p><strong><span class=\"highlight highlighted\">As diretrizes valem para todas as redes do pa\u00eds<\/span><\/strong>, desde a educa\u00e7\u00e3o b\u00e1sica at\u00e9 o ensino superior, sejam elas p\u00fablicas, privadas ou comunit\u00e1rias. No entanto,\u00a0<span class=\"highlight highlighted\">elas n\u00e3o s\u00e3o obrigat\u00f3rias<\/span>. O texto ainda dever\u00e1 ser homologado pelo Minist\u00e9rio da Educa\u00e7\u00e3o (MEC) e, depois, as redes poder\u00e3o aderir ou n\u00e3o \u00e0 proposta<\/p>\n<div class=\"mc-column content-text active-extra-styles \" data-block-type=\"unstyled\" data-block-weight=\"6\" data-block-id=\"5\">\n<p class=\"content-text__container \" data-track-category=\"Link no Texto\" data-track-links=\"\">O texto aprovado tamb\u00e9m torna poss\u00edvel:<\/p>\n<\/div>\n<p><!--more--><\/p>\n<div class=\"mc-column content-text active-extra-styles\" data-block-type=\"raw\" data-block-weight=\"40\" data-block-id=\"6\">\n<ul class=\"content-unordered-list\">\n<li>que estados e munic\u00edpios optem pela\u00a0<strong>fus\u00e3o dos anos letivos de 2020 e 2021<\/strong>\u00a0por meio da ado\u00e7\u00e3o de um\u00a0<em>continuum<\/em>\u00a0curricular de dois anos, na educa\u00e7\u00e3o b\u00e1sica<\/li>\n<li>um\u00a0<strong>ano letivo &#8220;suplementar&#8221;<\/strong>\u00a0para estudantes do 3\u00ba ano do ensino m\u00e9dio<\/li>\n<\/ul>\n<div class=\"mc-column content-text active-extra-styles\" data-block-type=\"raw\" data-block-weight=\"1\" data-block-id=\"8\">\n<div class=\"content-intertitle\">\n<h2>Avalia\u00e7\u00e3o<\/h2>\n<\/div>\n<\/div>\n<div class=\"mc-column content-text active-extra-styles \" data-block-type=\"unstyled\" data-block-weight=\"19\" data-block-id=\"9\">\n<p class=\"content-text__container \" data-track-category=\"Link no Texto\" data-track-links=\"\">O documento\u00a0<span class=\"highlight highlighted\">flexibiliza a aprova\u00e7\u00e3o escolar<\/span>\u00a0ao permitir a &#8220;redefini\u00e7\u00e3o de crit\u00e9rios de avalia\u00e7\u00e3o&#8221; para a &#8220;promo\u00e7\u00e3o&#8221; do estudante.<\/p>\n<p data-track-category=\"Link no Texto\" data-track-links=\"\">Recomenda tamb\u00e9m uma &#8220;especial aten\u00e7\u00e3o&#8221; \u00e0 aprova\u00e7\u00e3o de estudantes dos anos finais do ensino fundamental (5\u00b0 ao 9\u00ba ano). Essa etapa de ensino registra\u00a0<span class=\"highlight highlighted\">alto \u00edndice de reprova\u00e7\u00e3o e abandono escolar<\/span>.<\/p>\n<p data-track-category=\"Link no Texto\" data-track-links=\"\">O texto tamb\u00e9m destaca a possibilidade de um &#8220;continuum&#8221; curricular entre 2020 e 2021 para &#8220;evitar o aumento da reprova\u00e7\u00e3o do final do ano letivo de 2020&#8221; &#8211; ou seja,\u00a0<strong><span class=\"highlight highlighted\">os dois anos letivos viram um s\u00f3<\/span><\/strong>.<\/p>\n<div class=\"mc-column content-text active-extra-styles \" data-block-type=\"unstyled\" data-block-weight=\"52\" data-block-id=\"14\">\n<p class=\"content-text__container \" data-track-category=\"Link no Texto\" data-track-links=\"\">O texto fala no &#8220;reordenamento curricular do que restar do ano letivo de 2020 e o do ano letivo seguinte, pode ser reprogramado, aumentando-se os dias letivos e a carga hor\u00e1ria do ano letivo de 2021 para cumprir, de modo cont\u00ednuo, os objetivos de aprendizagem e desenvolvimento previstos no ano letivo anterior&#8221;.<\/p>\n<\/div>\n<div class=\"mc-column content-text active-extra-styles \" data-block-type=\"unstyled\" data-block-weight=\"56\" data-block-id=\"15\">\n<p class=\"content-text__container \" data-track-category=\"Link no Texto\" data-track-links=\"\">A\u00a0<span class=\"highlight highlighted\">educa\u00e7\u00e3o infantil est\u00e1 dispensada<\/span>\u00a0da &#8220;obrigatoriedade de observ\u00e2ncia do m\u00ednimo de dias de trabalho educacional e do cumprimento da carga horaria m\u00ednima anual previstos&#8221; e no &#8220;<span class=\"highlight highlighted\">Ensino Fundamental e no Ensino M\u00e9dio<\/span>, da obrigatoriedade de observ\u00e2ncia do m\u00ednimo de dias de efetivo trabalho escolar, desde que cumprida a carga hor\u00e1ria m\u00ednima anual&#8221;, afirma o documento.<\/p>\n<\/div>\n<\/div>\n<\/div>\n","protected":false},"excerpt":{"rendered":"<p>O Conselho Nacional de Educa\u00e7\u00e3o (CNE) aprovou nesta ter\u00e7a-feira (6) a validade do ensino remoto at\u00e9 dezembro de 2021, ap\u00f3s os 6 meses de suspens\u00e3o das aulas presenciais pela pandemia do coronav\u00edrus, e a jun\u00e7\u00e3o dos anos letivos de 2020 e 2021. O conselho \u00e9 respons\u00e1vel por assessorar o MEC nas pol\u00edticas educacionais federais. As [&hellip;]<\/p>\n","protected":false},"author":2,"featured_media":776,"comment_status":"closed","ping_status":"closed","sticky":false,"template":"","format":"standard","meta":{"_links_to":"","_links_to_target":""},"categories":[9],"tags":[72,67,36,38],"views":501,"_links":{"self":[{"href":"https:\/\/www.bahiananoticias.com.br\/v1\/wp-json\/wp\/v2\/posts\/775"}],"collection":[{"href":"https:\/\/www.bahiananoticias.com.br\/v1\/wp-json\/wp\/v2\/posts"}],"about":[{"href":"https:\/\/www.bahiananoticias.com.br\/v1\/wp-json\/wp\/v2\/types\/post"}],"author":[{"embeddable":true,"href":"https:\/\/www.bahiananoticias.com.br\/v1\/wp-json\/wp\/v2\/users\/2"}],"replies":[{"embeddable":true,"href":"https:\/\/www.bahiananoticias.com.br\/v1\/wp-json\/wp\/v2\/comments?post=775"}],"version-history":[{"count":1,"href":"https:\/\/www.bahiananoticias.com.br\/v1\/wp-json\/wp\/v2\/posts\/775\/revisions"}],"predecessor-version":[{"id":777,"href":"https:\/\/www.bahiananoticias.com.br\/v1\/wp-json\/wp\/v2\/posts\/775\/revisions\/777"}],"wp:featuredmedia":[{"embeddable":true,"href":"https:\/\/www.bahiananoticias.com.br\/v1\/wp-json\/wp\/v2\/media\/776"}],"wp:attachment":[{"href":"https:\/\/www.bahiananoticias.com.br\/v1\/wp-json\/wp\/v2\/media?parent=775"}],"wp:term":[{"taxonomy":"category","embeddable":true,"href":"https:\/\/www.bahiananoticias.com.br\/v1\/wp-json\/wp\/v2\/categories?post=775"},{"taxonomy":"post_tag","embeddable":true,"href":"https:\/\/www.bahiananoticias.com.br\/v1\/wp-json\/wp\/v2\/tags?post=775"}],"curies":[{"name":"wp","href":"https:\/\/api.w.org\/{rel}","templated":true}]}}