{"id":749,"date":"2020-10-06T09:52:48","date_gmt":"2020-10-06T12:52:48","guid":{"rendered":"https:\/\/www.bahiananoticias.com.br\/v1\/?p=749"},"modified":"2020-10-06T09:52:48","modified_gmt":"2020-10-06T12:52:48","slug":"bahia-calendario-escolar-sera-divulgado-em-breve-diz-governador-rui-costa","status":"publish","type":"post","link":"https:\/\/www.bahiananoticias.com.br\/v1\/2020\/10\/06\/bahia-calendario-escolar-sera-divulgado-em-breve-diz-governador-rui-costa\/","title":{"rendered":"BAHIA: CALEND\u00c1RIO ESCOLAR SER\u00c1 DIVULGADO EM BREVE, DIZ GOVERNADOR RUI COSTA"},"content":{"rendered":"<p><img decoding=\"async\" loading=\"lazy\" class=\"aligncenter size-medium wp-image-750\" src=\"https:\/\/www.bahiananoticias.com.br\/v1\/wp-content\/uploads\/2020\/10\/13e166db81f600d9e2cbb8c13043e6a2-300x198.jpg\" alt=\"\" width=\"300\" height=\"198\" srcset=\"https:\/\/www.bahiananoticias.com.br\/v1\/wp-content\/uploads\/2020\/10\/13e166db81f600d9e2cbb8c13043e6a2-300x198.jpg 300w, https:\/\/www.bahiananoticias.com.br\/v1\/wp-content\/uploads\/2020\/10\/13e166db81f600d9e2cbb8c13043e6a2-600x395.jpg 600w, https:\/\/www.bahiananoticias.com.br\/v1\/wp-content\/uploads\/2020\/10\/13e166db81f600d9e2cbb8c13043e6a2.jpg 653w\" sizes=\"(max-width: 300px) 100vw, 300px\" \/><\/p>\n<p>Com as aulas na rede estadual de ensino na Bahia suspensas at\u00e9 o dia 12 deste m\u00eas elas ser\u00e3o repostas ap\u00f3s a divulga\u00e7\u00e3o de um novo calend\u00e1rio escolar. A informa\u00e7\u00e3o foi dada pelo governador Rui Costa, ao ressaltar que a data de retorno \u00e0s aulas ainda n\u00e3o est\u00e1 definida. \u201c<em>As aulas s\u00f3 ser\u00e3o retomadas em condi\u00e7\u00f5es de seguran\u00e7a, a partir da indica\u00e7\u00e3o das autoridades de Sa\u00fade do governo do estado<\/em>\u201d, afirmou o Governador Rui Costa.<\/p>\n<p>Ainda conforme o governador, a volta \u00e0s aulas est\u00e1 sendo discutida entre a Secretaria de Educa\u00e7\u00e3o do Estado com entidades e institui\u00e7\u00f5es pertinentes, como UPB, prefeituras, Undime, UNCME, APLB Sindicato, Sinepe, Sinpro, Conselho Estadual de Educa\u00e7\u00e3o do Estado, F\u00f3rum Estadual da Educa\u00e7\u00e3o e representa\u00e7\u00f5es estudantis, seguindo a pr\u00e1tica do di\u00e1logo, da colabora\u00e7\u00e3o e da constru\u00e7\u00e3o coletiva.<\/p>\n","protected":false},"excerpt":{"rendered":"<p>Com as aulas na rede estadual de ensino na Bahia suspensas at\u00e9 o dia 12 deste m\u00eas elas ser\u00e3o repostas ap\u00f3s a divulga\u00e7\u00e3o de um novo calend\u00e1rio escolar. A informa\u00e7\u00e3o foi dada pelo governador Rui Costa, ao ressaltar que a data de retorno \u00e0s aulas ainda n\u00e3o est\u00e1 definida. \u201cAs aulas s\u00f3 ser\u00e3o retomadas em [&hellip;]<\/p>\n","protected":false},"author":2,"featured_media":750,"comment_status":"closed","ping_status":"closed","sticky":false,"template":"","format":"standard","meta":{"_links_to":"","_links_to_target":""},"categories":[11],"tags":[45,38,42],"views":510,"_links":{"self":[{"href":"https:\/\/www.bahiananoticias.com.br\/v1\/wp-json\/wp\/v2\/posts\/749"}],"collection":[{"href":"https:\/\/www.bahiananoticias.com.br\/v1\/wp-json\/wp\/v2\/posts"}],"about":[{"href":"https:\/\/www.bahiananoticias.com.br\/v1\/wp-json\/wp\/v2\/types\/post"}],"author":[{"embeddable":true,"href":"https:\/\/www.bahiananoticias.com.br\/v1\/wp-json\/wp\/v2\/users\/2"}],"replies":[{"embeddable":true,"href":"https:\/\/www.bahiananoticias.com.br\/v1\/wp-json\/wp\/v2\/comments?post=749"}],"version-history":[{"count":1,"href":"https:\/\/www.bahiananoticias.com.br\/v1\/wp-json\/wp\/v2\/posts\/749\/revisions"}],"predecessor-version":[{"id":751,"href":"https:\/\/www.bahiananoticias.com.br\/v1\/wp-json\/wp\/v2\/posts\/749\/revisions\/751"}],"wp:featuredmedia":[{"embeddable":true,"href":"https:\/\/www.bahiananoticias.com.br\/v1\/wp-json\/wp\/v2\/media\/750"}],"wp:attachment":[{"href":"https:\/\/www.bahiananoticias.com.br\/v1\/wp-json\/wp\/v2\/media?parent=749"}],"wp:term":[{"taxonomy":"category","embeddable":true,"href":"https:\/\/www.bahiananoticias.com.br\/v1\/wp-json\/wp\/v2\/categories?post=749"},{"taxonomy":"post_tag","embeddable":true,"href":"https:\/\/www.bahiananoticias.com.br\/v1\/wp-json\/wp\/v2\/tags?post=749"}],"curies":[{"name":"wp","href":"https:\/\/api.w.org\/{rel}","templated":true}]}}