{"id":7135,"date":"2021-06-18T11:59:56","date_gmt":"2021-06-18T14:59:56","guid":{"rendered":"https:\/\/www.bahiananoticias.com.br\/v1\/?p=7135"},"modified":"2021-06-18T11:59:56","modified_gmt":"2021-06-18T14:59:56","slug":"covid-19-vacinacao-na-bahia-passa-a-ser-somente-por-criterio-de-idade","status":"publish","type":"post","link":"https:\/\/www.bahiananoticias.com.br\/v1\/2021\/06\/18\/covid-19-vacinacao-na-bahia-passa-a-ser-somente-por-criterio-de-idade\/","title":{"rendered":"COVID-19: VACINA\u00c7\u00c3O NA BAHIA PASSA A SER SOMENTE POR CRIT\u00c9RIO DE IDADE"},"content":{"rendered":"<div id=\"attachment_6333\" style=\"width: 580px\" class=\"wp-caption aligncenter\"><img aria-describedby=\"caption-attachment-6333\" decoding=\"async\" loading=\"lazy\" class=\"size-full wp-image-6333\" src=\"https:\/\/www.bahiananoticias.com.br\/v1\/wp-content\/uploads\/2021\/05\/VACINA.jpg\" alt=\"\" width=\"570\" height=\"321\" srcset=\"https:\/\/www.bahiananoticias.com.br\/v1\/wp-content\/uploads\/2021\/05\/VACINA.jpg 570w, https:\/\/www.bahiananoticias.com.br\/v1\/wp-content\/uploads\/2021\/05\/VACINA-300x169.jpg 300w\" sizes=\"(max-width: 570px) 100vw, 570px\" \/><p id=\"caption-attachment-6333\" class=\"wp-caption-text\">Decis\u00e3o foi tomada nesta quinta-feira (17) em reuni\u00e3o da Comiss\u00e3o Intergestores Bipartite (CIB).<\/p><\/div>\n<p>A vacina\u00e7\u00e3o contra a Covid-19 na Bahia passar\u00e1 a ser feita apenas por crit\u00e9rios et\u00e1rios. A decis\u00e3o foi tomada nesta quinta-feira (17) em reuni\u00e3o da Comiss\u00e3o Intergestores Bipartite (CIB), inst\u00e2ncia deliberativa que re\u00fane gestores de sa\u00fade municipais e do Estado.<\/p>\n<p>Com esta delibera\u00e7\u00e3o, a distribui\u00e7\u00e3o das vacinas seguir\u00e1 apenas de forma proporcional \u00e0 popula\u00e7\u00e3o de cada munic\u00edpio e n\u00e3o mais ser\u00e1 levado em conta o percentual de vacina\u00e7\u00e3o da influenza de anos anteriores mais o quantitativo de pessoas em grupos priorit\u00e1rios.<\/p>\n<p>A decis\u00e3o deve passar a valer a partir de amanh\u00e3 com a publica\u00e7\u00e3o da nova resolu\u00e7\u00e3o no Di\u00e1rio Oficial do Estado. A remessa de novos lotes de vacinas que chegar\u00e3o nesta sexta-feira (18) j\u00e1 ser\u00e1 distribu\u00edda seguindo este novo crit\u00e9rio.<\/p>\n<p>\u201cA decis\u00e3o foi tomada em fun\u00e7\u00e3o de v\u00e1rias assimetrias identificadas na distribui\u00e7\u00e3o das vacinas, com alguns munic\u00edpios j\u00e1 tendo imunizado, com a primeira dose, cerca de 80% da sua popula\u00e7\u00e3o alvo e outros com apenas 20%\u201d, explica o secret\u00e1rio da Sa\u00fade do Estado, F\u00e1bio Vilas-Boas.<\/p>\n","protected":false},"excerpt":{"rendered":"<p>A vacina\u00e7\u00e3o contra a Covid-19 na Bahia passar\u00e1 a ser feita apenas por crit\u00e9rios et\u00e1rios. A decis\u00e3o foi tomada nesta quinta-feira (17) em reuni\u00e3o da Comiss\u00e3o Intergestores Bipartite (CIB), inst\u00e2ncia deliberativa que re\u00fane gestores de sa\u00fade municipais e do Estado. Com esta delibera\u00e7\u00e3o, a distribui\u00e7\u00e3o das vacinas seguir\u00e1 apenas de forma proporcional \u00e0 popula\u00e7\u00e3o de [&hellip;]<\/p>\n","protected":false},"author":2,"featured_media":6333,"comment_status":"closed","ping_status":"closed","sticky":false,"template":"","format":"standard","meta":{"_links_to":"","_links_to_target":""},"categories":[11,2],"tags":[],"views":413,"_links":{"self":[{"href":"https:\/\/www.bahiananoticias.com.br\/v1\/wp-json\/wp\/v2\/posts\/7135"}],"collection":[{"href":"https:\/\/www.bahiananoticias.com.br\/v1\/wp-json\/wp\/v2\/posts"}],"about":[{"href":"https:\/\/www.bahiananoticias.com.br\/v1\/wp-json\/wp\/v2\/types\/post"}],"author":[{"embeddable":true,"href":"https:\/\/www.bahiananoticias.com.br\/v1\/wp-json\/wp\/v2\/users\/2"}],"replies":[{"embeddable":true,"href":"https:\/\/www.bahiananoticias.com.br\/v1\/wp-json\/wp\/v2\/comments?post=7135"}],"version-history":[{"count":1,"href":"https:\/\/www.bahiananoticias.com.br\/v1\/wp-json\/wp\/v2\/posts\/7135\/revisions"}],"predecessor-version":[{"id":7136,"href":"https:\/\/www.bahiananoticias.com.br\/v1\/wp-json\/wp\/v2\/posts\/7135\/revisions\/7136"}],"wp:featuredmedia":[{"embeddable":true,"href":"https:\/\/www.bahiananoticias.com.br\/v1\/wp-json\/wp\/v2\/media\/6333"}],"wp:attachment":[{"href":"https:\/\/www.bahiananoticias.com.br\/v1\/wp-json\/wp\/v2\/media?parent=7135"}],"wp:term":[{"taxonomy":"category","embeddable":true,"href":"https:\/\/www.bahiananoticias.com.br\/v1\/wp-json\/wp\/v2\/categories?post=7135"},{"taxonomy":"post_tag","embeddable":true,"href":"https:\/\/www.bahiananoticias.com.br\/v1\/wp-json\/wp\/v2\/tags?post=7135"}],"curies":[{"name":"wp","href":"https:\/\/api.w.org\/{rel}","templated":true}]}}