{"id":7102,"date":"2021-06-17T11:31:04","date_gmt":"2021-06-17T14:31:04","guid":{"rendered":"https:\/\/www.bahiananoticias.com.br\/v1\/?p=7102"},"modified":"2021-06-17T11:31:04","modified_gmt":"2021-06-17T14:31:04","slug":"vilas-boas-pedira-autorizacao-para-rateio-de-vacinas-por-idade-e-proporcionalidade-da-populacao","status":"publish","type":"post","link":"https:\/\/www.bahiananoticias.com.br\/v1\/2021\/06\/17\/vilas-boas-pedira-autorizacao-para-rateio-de-vacinas-por-idade-e-proporcionalidade-da-populacao\/","title":{"rendered":"VILAS-BOAS PEDIR\u00c1 AUTORIZA\u00c7\u00c3O PARA RATEIO DE VACINAS POR IDADE E PROPORCIONALIDADE DA POPULA\u00c7\u00c3O"},"content":{"rendered":"<div id=\"attachment_2109\" style=\"width: 580px\" class=\"wp-caption aligncenter\"><img aria-describedby=\"caption-attachment-2109\" decoding=\"async\" loading=\"lazy\" class=\"size-full wp-image-2109\" src=\"https:\/\/www.bahiananoticias.com.br\/v1\/wp-content\/uploads\/2020\/12\/FABIO-VILAS-BOAS.jpg\" alt=\"\" width=\"570\" height=\"268\" srcset=\"https:\/\/www.bahiananoticias.com.br\/v1\/wp-content\/uploads\/2020\/12\/FABIO-VILAS-BOAS.jpg 570w, https:\/\/www.bahiananoticias.com.br\/v1\/wp-content\/uploads\/2020\/12\/FABIO-VILAS-BOAS-300x141.jpg 300w\" sizes=\"(max-width: 570px) 100vw, 570px\" \/><p id=\"caption-attachment-2109\" class=\"wp-caption-text\">Secret\u00e1rio de Sa\u00fade da Bahia fez coro a cr\u00edticas de Leo Prates, titular da pasta municipal, ao questionar crit\u00e9rios de distribui\u00e7\u00e3o do governo federal.<\/p><\/div>\n<p>O secret\u00e1rio de Sa\u00fade da Bahia, F\u00e1bio Vilas-Boas, afirmou que pedir\u00e1 autoriza\u00e7\u00e3o da Comiss\u00e3o Intergestores Bipartite (CIB) para que a distribui\u00e7\u00e3o das vacinas contra a Covid-19 levem em conta a proporcionalidade da popula\u00e7\u00e3o das cidades e obede\u00e7a \u00e0 fila por idade. Em publica\u00e7\u00e3o no Twitter, o secret\u00e1rio disse que os crit\u00e9rios do Minist\u00e9rio da Sa\u00fade para a partilha dos imunizantes t\u00eam induzido a &#8220;assimetrias cada vez mais graves entre os munic\u00edpios&#8221;.<\/p>\n<p>Vilas-Boas informou que se reunir\u00e1 nesta quarta-feira (17) com a CIB.<\/p>\n<p>&#8220;Os crit\u00e9rios do Minist\u00e9rio da Sa\u00fade para distribui\u00e7\u00e3o das vacinas tem induzido assimetrias cada vez mais graves entre os munic\u00edpios. Convoquei para hoje uma reuni\u00e3o extra da CIB, para que passemos a distribuir proporcional ao % da popula\u00e7\u00e3o do munic\u00edpio, e exclusivo por idade&#8221;, escreveu o secret\u00e1rio.<\/p>\n<blockquote class=\"twitter-tweet\" data-width=\"500\" data-dnt=\"true\">\n<p lang=\"pt\" dir=\"ltr\">Os crit\u00e9rios do Minist\u00e9rio da Sa\u00fade para distribui\u00e7\u00e3o das vacinas tem induzido assimetrias cada vez mais graves entre os munic\u00edpios.<br \/>Convoquei para hoje uma reuni\u00e3o extra da CIB, para que passemos a distribuir proporcional ao % da popula\u00e7\u00e3o do munic\u00edpio, e exclusivo por idade.<\/p>\n<p>&mdash; F\u00e1bio Vilas-Boas (@fabiovboas) <a href=\"https:\/\/twitter.com\/fabiovboas\/status\/1405477894638518273?ref_src=twsrc%5Etfw\">June 17, 2021<\/a><\/p><\/blockquote>\n<p><script async src=\"https:\/\/platform.twitter.com\/widgets.js\" charset=\"utf-8\"><\/script><\/p>\n<p>Em entrevista a\u00a0R\u00e1dio Metropole\u00a0na \u00faltima ter\u00e7a (15), o\u00a0secret\u00e1rio municipal de Salvador, L\u00e9o Prates, j\u00e1 havia questionado os crit\u00e9rios de rateio das vacinas\u00a0adotados pelo pasta federal. Para ele, est\u00e1 havendo uma distribui\u00e7\u00e3o desigual de doses de vacinas a estados e munic\u00edpios<!--more--><\/p>\n<p>Em resposta a Prates, o Minist\u00e9rio da Sa\u00fade afirmou utilizar crit\u00e9rios t\u00e9cnicos para realizar a divis\u00e3o dos imunizantes. &#8220;O Minist\u00e9rio da Sa\u00fade refor\u00e7a que o c\u00e1lculo de distribui\u00e7\u00e3o de vacinas \u00e9 baseado na popula\u00e7\u00e3o-alvo da campanha e as doses s\u00e3o enviadas de forma proporcional e igualit\u00e1ria para todos os estados e Distrito Federal\u201d, informou<\/p>\n","protected":false},"excerpt":{"rendered":"<p>O secret\u00e1rio de Sa\u00fade da Bahia, F\u00e1bio Vilas-Boas, afirmou que pedir\u00e1 autoriza\u00e7\u00e3o da Comiss\u00e3o Intergestores Bipartite (CIB) para que a distribui\u00e7\u00e3o das vacinas contra a Covid-19 levem em conta a proporcionalidade da popula\u00e7\u00e3o das cidades e obede\u00e7a \u00e0 fila por idade. Em publica\u00e7\u00e3o no Twitter, o secret\u00e1rio disse que os crit\u00e9rios do Minist\u00e9rio da Sa\u00fade [&hellip;]<\/p>\n","protected":false},"author":2,"featured_media":2109,"comment_status":"closed","ping_status":"closed","sticky":false,"template":"","format":"standard","meta":{"_links_to":"","_links_to_target":""},"categories":[11],"tags":[],"views":375,"_links":{"self":[{"href":"https:\/\/www.bahiananoticias.com.br\/v1\/wp-json\/wp\/v2\/posts\/7102"}],"collection":[{"href":"https:\/\/www.bahiananoticias.com.br\/v1\/wp-json\/wp\/v2\/posts"}],"about":[{"href":"https:\/\/www.bahiananoticias.com.br\/v1\/wp-json\/wp\/v2\/types\/post"}],"author":[{"embeddable":true,"href":"https:\/\/www.bahiananoticias.com.br\/v1\/wp-json\/wp\/v2\/users\/2"}],"replies":[{"embeddable":true,"href":"https:\/\/www.bahiananoticias.com.br\/v1\/wp-json\/wp\/v2\/comments?post=7102"}],"version-history":[{"count":1,"href":"https:\/\/www.bahiananoticias.com.br\/v1\/wp-json\/wp\/v2\/posts\/7102\/revisions"}],"predecessor-version":[{"id":7103,"href":"https:\/\/www.bahiananoticias.com.br\/v1\/wp-json\/wp\/v2\/posts\/7102\/revisions\/7103"}],"wp:featuredmedia":[{"embeddable":true,"href":"https:\/\/www.bahiananoticias.com.br\/v1\/wp-json\/wp\/v2\/media\/2109"}],"wp:attachment":[{"href":"https:\/\/www.bahiananoticias.com.br\/v1\/wp-json\/wp\/v2\/media?parent=7102"}],"wp:term":[{"taxonomy":"category","embeddable":true,"href":"https:\/\/www.bahiananoticias.com.br\/v1\/wp-json\/wp\/v2\/categories?post=7102"},{"taxonomy":"post_tag","embeddable":true,"href":"https:\/\/www.bahiananoticias.com.br\/v1\/wp-json\/wp\/v2\/tags?post=7102"}],"curies":[{"name":"wp","href":"https:\/\/api.w.org\/{rel}","templated":true}]}}