{"id":7010,"date":"2021-06-15T11:36:23","date_gmt":"2021-06-15T14:36:23","guid":{"rendered":"https:\/\/www.bahiananoticias.com.br\/v1\/?p=7010"},"modified":"2021-06-15T15:16:19","modified_gmt":"2021-06-15T18:16:19","slug":"homem-suspeito-de-matar-jovem-de-23-anos-com-golpes-de-facas-na-cabeca-e-no-pescoco-em-salvador-e-preso-em-ilheus","status":"publish","type":"post","link":"https:\/\/www.bahiananoticias.com.br\/v1\/2021\/06\/15\/homem-suspeito-de-matar-jovem-de-23-anos-com-golpes-de-facas-na-cabeca-e-no-pescoco-em-salvador-e-preso-em-ilheus\/","title":{"rendered":"HOMEM SUSPEITO DE MATAR JOVEM DE 23 ANOS COM GOLPES DE FACAS NA CABE\u00c7A E NO PESCO\u00c7O EM SALVADOR \u00c9 PRESO EM ILH\u00c9US"},"content":{"rendered":"<div id=\"attachment_7011\" style=\"width: 580px\" class=\"wp-caption aligncenter\"><img aria-describedby=\"caption-attachment-7011\" decoding=\"async\" loading=\"lazy\" class=\"size-full wp-image-7011\" src=\"https:\/\/www.bahiananoticias.com.br\/v1\/wp-content\/uploads\/2021\/06\/POLICIA-CIVIL.jpeg\" alt=\"\" width=\"570\" height=\"380\" srcset=\"https:\/\/www.bahiananoticias.com.br\/v1\/wp-content\/uploads\/2021\/06\/POLICIA-CIVIL.jpeg 570w, https:\/\/www.bahiananoticias.com.br\/v1\/wp-content\/uploads\/2021\/06\/POLICIA-CIVIL-300x200.jpeg 300w\" sizes=\"(max-width: 570px) 100vw, 570px\" \/><p id=\"caption-attachment-7011\" class=\"wp-caption-text\">Segundo a pol\u00edcia, suspeito de 44 anos estava com mandado de pris\u00e3o em aberto. Crime aconteceu em janeiro de 2020, na Boca do Rio, na capital baiana.<\/p><\/div>\n<div class=\"mc-column content-text active-extra-styles \" data-block-type=\"unstyled\" data-block-weight=\"49\" data-block-id=\"2\">\n<p class=\"content-text__container \" data-track-category=\"Link no Texto\" data-track-links=\"\">Um homem de 44 anos foi preso nesta segunda-feira (14), por policiais da 7\u00aa Coordenadoria Regional de Pol\u00edcia do Interior (Coorpin), com sede em Ilh\u00e9us, no sul da Bahia, suspeito de atacar e matar a jovem Rafaela Lima Souza, de 23 anos, com golpes de facas, em Salvador.<\/p>\n<\/div>\n<div class=\"wall protected-content\">\n<div class=\"mc-column content-text active-extra-styles \" data-block-type=\"unstyled\" data-block-weight=\"37\" data-block-id=\"3\">\n<p class=\"content-text__container \" data-track-category=\"Link no Texto\" data-track-links=\"\">Segundo informa\u00e7\u00f5es da Pol\u00edcia Civil, o homem, que teve o mandado pris\u00e3o cumprido nesta segunda, era investigado pela Delegacia de Homic\u00eddios (DH) Atl\u00e2ntico, que apurava o crime ocorrido em janeiro de 2020, na Boca do Rio.<\/p>\n<\/div>\n<div class=\"mc-column content-text active-extra-styles \" data-block-type=\"unstyled\" data-block-weight=\"31\" data-block-id=\"4\">\n<p class=\"content-text__container \" data-track-category=\"Link no Texto\" data-track-links=\"\">Na oportunidade, Rafaela Lima de Souza, que foi atingida na cabe\u00e7a e no pesco\u00e7o, chegou a ser socorrida e levada para o Hospital geral do Estado (HGE), mas n\u00e3o resistiu.<\/p>\n<\/div>\n<div class=\"mc-column content-text active-extra-styles \" data-block-type=\"unstyled\" data-block-weight=\"26\" data-block-id=\"5\">\n<p class=\"content-text__container \" data-track-category=\"Link no Texto\" data-track-links=\"\">Com o cumprimento do mandado expedido pela 2\u00aa Vara Crime, o suspeito foi submetido aos exames de les\u00f5es corporais e teve a pris\u00e3o comunicada \u00e0 Justi\u00e7a.<\/p>\n<\/div>\n<\/div>\n","protected":false},"excerpt":{"rendered":"<p>Um homem de 44 anos foi preso nesta segunda-feira (14), por policiais da 7\u00aa Coordenadoria Regional de Pol\u00edcia do Interior (Coorpin), com sede em Ilh\u00e9us, no sul da Bahia, suspeito de atacar e matar a jovem Rafaela Lima Souza, de 23 anos, com golpes de facas, em Salvador. Segundo informa\u00e7\u00f5es da Pol\u00edcia Civil, o homem, [&hellip;]<\/p>\n","protected":false},"author":2,"featured_media":7011,"comment_status":"closed","ping_status":"closed","sticky":false,"template":"","format":"standard","meta":{"_links_to":"","_links_to_target":""},"categories":[11,4,8],"tags":[],"views":469,"_links":{"self":[{"href":"https:\/\/www.bahiananoticias.com.br\/v1\/wp-json\/wp\/v2\/posts\/7010"}],"collection":[{"href":"https:\/\/www.bahiananoticias.com.br\/v1\/wp-json\/wp\/v2\/posts"}],"about":[{"href":"https:\/\/www.bahiananoticias.com.br\/v1\/wp-json\/wp\/v2\/types\/post"}],"author":[{"embeddable":true,"href":"https:\/\/www.bahiananoticias.com.br\/v1\/wp-json\/wp\/v2\/users\/2"}],"replies":[{"embeddable":true,"href":"https:\/\/www.bahiananoticias.com.br\/v1\/wp-json\/wp\/v2\/comments?post=7010"}],"version-history":[{"count":5,"href":"https:\/\/www.bahiananoticias.com.br\/v1\/wp-json\/wp\/v2\/posts\/7010\/revisions"}],"predecessor-version":[{"id":7018,"href":"https:\/\/www.bahiananoticias.com.br\/v1\/wp-json\/wp\/v2\/posts\/7010\/revisions\/7018"}],"wp:featuredmedia":[{"embeddable":true,"href":"https:\/\/www.bahiananoticias.com.br\/v1\/wp-json\/wp\/v2\/media\/7011"}],"wp:attachment":[{"href":"https:\/\/www.bahiananoticias.com.br\/v1\/wp-json\/wp\/v2\/media?parent=7010"}],"wp:term":[{"taxonomy":"category","embeddable":true,"href":"https:\/\/www.bahiananoticias.com.br\/v1\/wp-json\/wp\/v2\/categories?post=7010"},{"taxonomy":"post_tag","embeddable":true,"href":"https:\/\/www.bahiananoticias.com.br\/v1\/wp-json\/wp\/v2\/tags?post=7010"}],"curies":[{"name":"wp","href":"https:\/\/api.w.org\/{rel}","templated":true}]}}