{"id":681,"date":"2020-10-02T09:19:13","date_gmt":"2020-10-02T12:19:13","guid":{"rendered":"https:\/\/www.bahiananoticias.com.br\/v1\/?p=681"},"modified":"2020-10-02T09:19:13","modified_gmt":"2020-10-02T12:19:13","slug":"ilheus-5-vereadores-da-ativa-declararam-nao-ter-bens-ao-tse","status":"publish","type":"post","link":"https:\/\/www.bahiananoticias.com.br\/v1\/2020\/10\/02\/ilheus-5-vereadores-da-ativa-declararam-nao-ter-bens-ao-tse\/","title":{"rendered":"ILH\u00c9US: 5 VEREADORES DA ATIVA DECLARARAM N\u00c3O TER BENS AO TSE"},"content":{"rendered":"<p><img decoding=\"async\" loading=\"lazy\" class=\"aligncenter  wp-image-455\" src=\"https:\/\/www.bahiananoticias.com.br\/v1\/wp-content\/uploads\/2020\/09\/camara-de-ilheus.jpg\" alt=\"\" width=\"437\" height=\"314\" srcset=\"https:\/\/www.bahiananoticias.com.br\/v1\/wp-content\/uploads\/2020\/09\/camara-de-ilheus.jpg 570w, https:\/\/www.bahiananoticias.com.br\/v1\/wp-content\/uploads\/2020\/09\/camara-de-ilheus-300x216.jpg 300w\" sizes=\"(max-width: 437px) 100vw, 437px\" \/><\/p>\n<p>De acordo com o site DivulgaCandContas 2020, do Tribunal Superior Eleitoral (TSE), dos 19 vereadores da atual C\u00e2mara de Vereadores, 05 declararam n\u00e3o possuir bens. Tal declara\u00e7\u00e3o \u00e9 feita no momento da solicita\u00e7\u00e3o do registro de candidatura, para a disputa das elei\u00e7\u00f5es municipais no dia 15 de novembro.<\/p>\n<p><strong>Segundo o site, os vereadores ilheenses que afirmaram n\u00e3o possuir bens s\u00e3o:<\/strong><\/p>\n<p>Augusto C\u00e9sar Porto Ribeiro (atual Presidente da C\u00e2mara)<\/p>\n<p>Abra\u00e3o Oliveira dos Santos<\/p>\n<p>Gilvandro Gomes Doria (Gil Gomes)<\/p>\n<p>Evil\u00e1sio Lima Valverde Filho (Nino Valverde)<\/p>\n<p>Carlos Augusto Cardoso da Silva (August\u00e3o)<\/p>\n","protected":false},"excerpt":{"rendered":"<p>De acordo com o site DivulgaCandContas 2020, do Tribunal Superior Eleitoral (TSE), dos 19 vereadores da atual C\u00e2mara de Vereadores, 05 declararam n\u00e3o possuir bens. Tal declara\u00e7\u00e3o \u00e9 feita no momento da solicita\u00e7\u00e3o do registro de candidatura, para a disputa das elei\u00e7\u00f5es municipais no dia 15 de novembro. Segundo o site, os vereadores ilheenses que [&hellip;]<\/p>\n","protected":false},"author":2,"featured_media":455,"comment_status":"closed","ping_status":"closed","sticky":false,"template":"","format":"standard","meta":{"_links_to":"","_links_to_target":""},"categories":[10,35],"tags":[43,37,39,64],"views":483,"_links":{"self":[{"href":"https:\/\/www.bahiananoticias.com.br\/v1\/wp-json\/wp\/v2\/posts\/681"}],"collection":[{"href":"https:\/\/www.bahiananoticias.com.br\/v1\/wp-json\/wp\/v2\/posts"}],"about":[{"href":"https:\/\/www.bahiananoticias.com.br\/v1\/wp-json\/wp\/v2\/types\/post"}],"author":[{"embeddable":true,"href":"https:\/\/www.bahiananoticias.com.br\/v1\/wp-json\/wp\/v2\/users\/2"}],"replies":[{"embeddable":true,"href":"https:\/\/www.bahiananoticias.com.br\/v1\/wp-json\/wp\/v2\/comments?post=681"}],"version-history":[{"count":1,"href":"https:\/\/www.bahiananoticias.com.br\/v1\/wp-json\/wp\/v2\/posts\/681\/revisions"}],"predecessor-version":[{"id":682,"href":"https:\/\/www.bahiananoticias.com.br\/v1\/wp-json\/wp\/v2\/posts\/681\/revisions\/682"}],"wp:featuredmedia":[{"embeddable":true,"href":"https:\/\/www.bahiananoticias.com.br\/v1\/wp-json\/wp\/v2\/media\/455"}],"wp:attachment":[{"href":"https:\/\/www.bahiananoticias.com.br\/v1\/wp-json\/wp\/v2\/media?parent=681"}],"wp:term":[{"taxonomy":"category","embeddable":true,"href":"https:\/\/www.bahiananoticias.com.br\/v1\/wp-json\/wp\/v2\/categories?post=681"},{"taxonomy":"post_tag","embeddable":true,"href":"https:\/\/www.bahiananoticias.com.br\/v1\/wp-json\/wp\/v2\/tags?post=681"}],"curies":[{"name":"wp","href":"https:\/\/api.w.org\/{rel}","templated":true}]}}