{"id":6783,"date":"2021-06-08T10:49:50","date_gmt":"2021-06-08T13:49:50","guid":{"rendered":"https:\/\/www.bahiananoticias.com.br\/v1\/?p=6783"},"modified":"2021-06-08T10:49:50","modified_gmt":"2021-06-08T13:49:50","slug":"governo-preve-prorrogar-auxilio-emergencial-por-dois-meses-antes-de-novo-bolsa-familia","status":"publish","type":"post","link":"https:\/\/www.bahiananoticias.com.br\/v1\/2021\/06\/08\/governo-preve-prorrogar-auxilio-emergencial-por-dois-meses-antes-de-novo-bolsa-familia\/","title":{"rendered":"GOVERNO PREV\u00ca PRORROGAR AUXILIO EMERGENCIAL POR DOIS MESES ANTES DE NOVO BOLSA FAMILIA"},"content":{"rendered":"<div id=\"attachment_441\" style=\"width: 580px\" class=\"wp-caption aligncenter\"><img aria-describedby=\"caption-attachment-441\" decoding=\"async\" loading=\"lazy\" class=\"size-full wp-image-441\" src=\"https:\/\/www.bahiananoticias.com.br\/v1\/wp-content\/uploads\/2020\/09\/auxilio-emergencial.jpg\" alt=\"\" width=\"570\" height=\"369\" srcset=\"https:\/\/www.bahiananoticias.com.br\/v1\/wp-content\/uploads\/2020\/09\/auxilio-emergencial.jpg 570w, https:\/\/www.bahiananoticias.com.br\/v1\/wp-content\/uploads\/2020\/09\/auxilio-emergencial-300x194.jpg 300w\" sizes=\"(max-width: 570px) 100vw, 570px\" \/><p id=\"caption-attachment-441\" class=\"wp-caption-text\">A ajuda voltada aos mais vulner\u00e1veis durante a pandemia continua com o mesmo valore de R$ 150 a R$ 375.<\/p><\/div>\n<p>O governo deve prorrogar o aux\u00edlio emergencial por mais dois meses. Assim, a ajuda voltada aos mais vulner\u00e1veis durante a pandemia de covid-19 ser\u00e1 estendida at\u00e9 setembro, nos mesmos valores de R$ 150 a R$ 375 e com igual alcance em termos de p\u00fablico. A informa\u00e7\u00e3o foi divulgada pelo jornal O Globo e Folha de S.Paulo. A prorroga\u00e7\u00e3o deve ocorrer por medida provis\u00f3ria.<\/p>\n<p>Para financiar a prorroga\u00e7\u00e3o, a equipe econ\u00f4mica deve abrir um cr\u00e9dito extraordin\u00e1rio de aproximadamente R$ 12 bilh\u00f5es.<\/p>\n<p>O valor vai refor\u00e7ar os cerca de R$ 7 bilh\u00f5es que ainda est\u00e3o dispon\u00edveis dentro dos R$ 44 bilh\u00f5es do teto de gastos j\u00e1 destinados ao programa e que n\u00e3o foram usados porque o n\u00famero de fam\u00edlias na nova rodada ficou abaixo do inicialmente projetado.<\/p>\n<p>O substituto do Bolsa Fam\u00edlia deve ser implementado at\u00e9 dezembro de 2021, ou acabar\u00e1 engavetado, pois a lei veda a ado\u00e7\u00e3o desse tipo de medida em ano de elei\u00e7\u00f5es.<\/p>\n","protected":false},"excerpt":{"rendered":"<p>O governo deve prorrogar o aux\u00edlio emergencial por mais dois meses. Assim, a ajuda voltada aos mais vulner\u00e1veis durante a pandemia de covid-19 ser\u00e1 estendida at\u00e9 setembro, nos mesmos valores de R$ 150 a R$ 375 e com igual alcance em termos de p\u00fablico. A informa\u00e7\u00e3o foi divulgada pelo jornal O Globo e Folha de [&hellip;]<\/p>\n","protected":false},"author":2,"featured_media":441,"comment_status":"closed","ping_status":"closed","sticky":false,"template":"","format":"standard","meta":{"_links_to":"","_links_to_target":""},"categories":[9],"tags":[],"views":463,"_links":{"self":[{"href":"https:\/\/www.bahiananoticias.com.br\/v1\/wp-json\/wp\/v2\/posts\/6783"}],"collection":[{"href":"https:\/\/www.bahiananoticias.com.br\/v1\/wp-json\/wp\/v2\/posts"}],"about":[{"href":"https:\/\/www.bahiananoticias.com.br\/v1\/wp-json\/wp\/v2\/types\/post"}],"author":[{"embeddable":true,"href":"https:\/\/www.bahiananoticias.com.br\/v1\/wp-json\/wp\/v2\/users\/2"}],"replies":[{"embeddable":true,"href":"https:\/\/www.bahiananoticias.com.br\/v1\/wp-json\/wp\/v2\/comments?post=6783"}],"version-history":[{"count":1,"href":"https:\/\/www.bahiananoticias.com.br\/v1\/wp-json\/wp\/v2\/posts\/6783\/revisions"}],"predecessor-version":[{"id":6784,"href":"https:\/\/www.bahiananoticias.com.br\/v1\/wp-json\/wp\/v2\/posts\/6783\/revisions\/6784"}],"wp:featuredmedia":[{"embeddable":true,"href":"https:\/\/www.bahiananoticias.com.br\/v1\/wp-json\/wp\/v2\/media\/441"}],"wp:attachment":[{"href":"https:\/\/www.bahiananoticias.com.br\/v1\/wp-json\/wp\/v2\/media?parent=6783"}],"wp:term":[{"taxonomy":"category","embeddable":true,"href":"https:\/\/www.bahiananoticias.com.br\/v1\/wp-json\/wp\/v2\/categories?post=6783"},{"taxonomy":"post_tag","embeddable":true,"href":"https:\/\/www.bahiananoticias.com.br\/v1\/wp-json\/wp\/v2\/tags?post=6783"}],"curies":[{"name":"wp","href":"https:\/\/api.w.org\/{rel}","templated":true}]}}