{"id":6301,"date":"2021-05-21T10:31:44","date_gmt":"2021-05-21T13:31:44","guid":{"rendered":"https:\/\/www.bahiananoticias.com.br\/v1\/?p=6301"},"modified":"2021-05-21T10:31:44","modified_gmt":"2021-05-21T13:31:44","slug":"rui-costa-tem-duvidas-sobre-concorrer-ao-senado-e-decisao-deve-ficar-para-2022","status":"publish","type":"post","link":"https:\/\/www.bahiananoticias.com.br\/v1\/2021\/05\/21\/rui-costa-tem-duvidas-sobre-concorrer-ao-senado-e-decisao-deve-ficar-para-2022\/","title":{"rendered":"RUI COSTA TEM D\u00daVIDAS SOBRE CONCORRER AO SENADO, E DECIS\u00c3O DEVE FICAR PARA 2022"},"content":{"rendered":"<p><img decoding=\"async\" loading=\"lazy\" class=\"aligncenter size-full wp-image-6302\" src=\"https:\/\/www.bahiananoticias.com.br\/v1\/wp-content\/uploads\/2021\/05\/IMAGEM_NOTICIA_5-1.jpg\" alt=\"\" width=\"380\" height=\"280\" srcset=\"https:\/\/www.bahiananoticias.com.br\/v1\/wp-content\/uploads\/2021\/05\/IMAGEM_NOTICIA_5-1.jpg 380w, https:\/\/www.bahiananoticias.com.br\/v1\/wp-content\/uploads\/2021\/05\/IMAGEM_NOTICIA_5-1-300x221.jpg 300w\" sizes=\"(max-width: 380px) 100vw, 380px\" \/><\/p>\n<p>Com o final do mandato se aproximando, o governador da Bahia, Rui Costa (PT), tem o nome aventado como poss\u00edvel candidato ao Senado. Ele, contudo, ainda n\u00e3o sabe se levar\u00e1 \u00e0 frente este projeto pol\u00edtico.<\/p>\n<p>O Bahia Not\u00edcias apurou com uma fonte que acompanha o processo que, no momento, o petista n\u00e3o sabe se deixar\u00e1 o Pal\u00e1cio de Ondina antes do fim do mandato &#8211; uma vez que, para concorrer a algum cargo eletivo, ele precisa se afastar do governo &#8211;\u00a0e, por conta disto, a decis\u00e3o deve ser tomada apenas no ano que vem.<\/p>\n<p>Dentro do PT, o assunto \u00e9 encarado como \u201cimportant\u00edssimo\u201d e, por isto, a avalia\u00e7\u00e3o interna do partido \u00e9 de que n\u00e3o pode ser tratado com pressa. No momento, a possibilidade obrigaria uma reconfigura\u00e7\u00e3o do projeto citado como prov\u00e1vel, liderado pelo senador Jaques Wagner &#8211;\u00a0pr\u00e9-candidato do PT ao governo do estado &#8211; e que deve protagonizar o\u00a0embate com o ex-prefeito de Salvador, ACM Neto (DEM). Rui, no entanto, ainda n\u00e3o teria certeza se esta \u00e9 a melhor t\u00e1tica.<\/p>\n<p>O governador evita falar sobre o caso. Em fevereiro, horas antes de o ex-presidente Luiz In\u00e1cio Lula da Silva (PT) ter os direitos pol\u00edticos restaurados por conta de uma decis\u00e3o do ministro Edson Fachin, do Supremo Tribunal Federal (STF), Rui n\u00e3o descartou totalmente a possibilidade de concorrer ao Senado, mas indicou que este cen\u00e1rio n\u00e3o era prioridade.<\/p>\n<p>\u201cSou uma pessoa de projeto coletivo, n\u00e3o acho que a gente v\u00e1 transformar Brasil com projetos individuais [&#8230;] aqui na Bahia, a prioridade n\u00e3o \u00e9 candidatura de senador, \u00e9 que a gente consiga manter o projeto que vem transformando a Bahia\u201d, disse, na ocasi\u00e3o, ao programa Bahia Not\u00edcias no Ar, da r\u00e1dio Salvador FM, apresentado pelos jornalistas Mauricio Leiro e Patricia Abreu.<!--more--><\/p>\n<p>No momento da entrevista, Rui ainda aspirava a candidatura \u00e0 presid\u00eancia da Rep\u00fablica, mesmo com o an\u00fancio ora feito por Lula de que Fernando Haddad seria o nome do PT para rivalizar com o presidente Jair Bolsonaro (sem partido). Horas depois, Lula teve as condena\u00e7\u00f5es na Lava Jato anuladas, o que o colocou novamente no jogo pol\u00edtico.<\/p>\n<p>No final de mar\u00e7o, o chefe do Executivo baiano teve o nome testado na disputa pelo Senado pela primeira vez. Pesquisa realizada pelo Instituto Paran\u00e1 Pesquisas em parceria com o BN apontou que Rui era o favorito dos baianos para o Senado. Atr\u00e1s dele, estaria o j\u00e1 senador Otto Alencar (PSD)\u00a0 este, inclusive, j\u00e1 manifestou internamente o desejo de tentar reelei\u00e7\u00e3o.<\/p>\n<p>O Bahia Not\u00edcias\u00a0procurou o governador para repercutir sobre o assunto, mas, at\u00e9 a publica\u00e7\u00e3o desta mat\u00e9ria, ele n\u00e3o respondeu \u00e0 reportagem.<\/p>\n","protected":false},"excerpt":{"rendered":"<p>Com o final do mandato se aproximando, o governador da Bahia, Rui Costa (PT), tem o nome aventado como poss\u00edvel candidato ao Senado. Ele, contudo, ainda n\u00e3o sabe se levar\u00e1 \u00e0 frente este projeto pol\u00edtico. O Bahia Not\u00edcias apurou com uma fonte que acompanha o processo que, no momento, o petista n\u00e3o sabe se deixar\u00e1 [&hellip;]<\/p>\n","protected":false},"author":2,"featured_media":6302,"comment_status":"closed","ping_status":"closed","sticky":false,"template":"","format":"standard","meta":{"_links_to":"","_links_to_target":""},"categories":[11,10],"tags":[],"views":473,"_links":{"self":[{"href":"https:\/\/www.bahiananoticias.com.br\/v1\/wp-json\/wp\/v2\/posts\/6301"}],"collection":[{"href":"https:\/\/www.bahiananoticias.com.br\/v1\/wp-json\/wp\/v2\/posts"}],"about":[{"href":"https:\/\/www.bahiananoticias.com.br\/v1\/wp-json\/wp\/v2\/types\/post"}],"author":[{"embeddable":true,"href":"https:\/\/www.bahiananoticias.com.br\/v1\/wp-json\/wp\/v2\/users\/2"}],"replies":[{"embeddable":true,"href":"https:\/\/www.bahiananoticias.com.br\/v1\/wp-json\/wp\/v2\/comments?post=6301"}],"version-history":[{"count":1,"href":"https:\/\/www.bahiananoticias.com.br\/v1\/wp-json\/wp\/v2\/posts\/6301\/revisions"}],"predecessor-version":[{"id":6303,"href":"https:\/\/www.bahiananoticias.com.br\/v1\/wp-json\/wp\/v2\/posts\/6301\/revisions\/6303"}],"wp:featuredmedia":[{"embeddable":true,"href":"https:\/\/www.bahiananoticias.com.br\/v1\/wp-json\/wp\/v2\/media\/6302"}],"wp:attachment":[{"href":"https:\/\/www.bahiananoticias.com.br\/v1\/wp-json\/wp\/v2\/media?parent=6301"}],"wp:term":[{"taxonomy":"category","embeddable":true,"href":"https:\/\/www.bahiananoticias.com.br\/v1\/wp-json\/wp\/v2\/categories?post=6301"},{"taxonomy":"post_tag","embeddable":true,"href":"https:\/\/www.bahiananoticias.com.br\/v1\/wp-json\/wp\/v2\/tags?post=6301"}],"curies":[{"name":"wp","href":"https:\/\/api.w.org\/{rel}","templated":true}]}}