{"id":6294,"date":"2021-05-21T10:17:50","date_gmt":"2021-05-21T13:17:50","guid":{"rendered":"https:\/\/www.bahiananoticias.com.br\/v1\/?p=6294"},"modified":"2021-05-21T10:17:50","modified_gmt":"2021-05-21T13:17:50","slug":"homem-e-suspeito-de-vazar-fotos-de-adolescente-nua-na-internnet-e-diz-que-imagens-foram-postadas-sem-querer","status":"publish","type":"post","link":"https:\/\/www.bahiananoticias.com.br\/v1\/2021\/05\/21\/homem-e-suspeito-de-vazar-fotos-de-adolescente-nua-na-internnet-e-diz-que-imagens-foram-postadas-sem-querer\/","title":{"rendered":"HOMEM \u00c9 SUSPEITO DE VAZAR FOTOS DE ADOLESCENTE NUA NA INTERNNET E DIZ QUE IMAGENS FORAM POSTADAS &#8220;SEM QUERER&#8221;"},"content":{"rendered":"<div id=\"attachment_976\" style=\"width: 580px\" class=\"wp-caption aligncenter\"><img aria-describedby=\"caption-attachment-976\" decoding=\"async\" loading=\"lazy\" class=\"size-full wp-image-976\" src=\"https:\/\/www.bahiananoticias.com.br\/v1\/wp-content\/uploads\/2020\/10\/pc-ba-1.jpg\" alt=\"\" width=\"570\" height=\"320\" srcset=\"https:\/\/www.bahiananoticias.com.br\/v1\/wp-content\/uploads\/2020\/10\/pc-ba-1.jpg 570w, https:\/\/www.bahiananoticias.com.br\/v1\/wp-content\/uploads\/2020\/10\/pc-ba-1-300x168.jpg 300w\" sizes=\"(max-width: 570px) 100vw, 570px\" \/><p id=\"caption-attachment-976\" class=\"wp-caption-text\">Homem teve o telefone celular apreendido e prestou depoimento na sede do Minist\u00e9rio P\u00fablico em Coaraci, no sul da Bahia, e disse tamb\u00e9m que telefone celular foi utilizado por outras pessoas, que podem ter publicado as imagens em grupos na internet.<\/p><\/div>\n<p>Um homem teve o telefone celular apreendido por agentes do Minist\u00e9rio P\u00fablico (MP-BA) na cidade de Coaraci, no sul da Bahia, depois de ter sido apontado como respons\u00e1vel por divulgar na internet fotos de uma adolescente nua, atrav\u00e9s de um aplicativo de mensagens. Os mandados de busca e apreens\u00e3o foram cumpridos na ter\u00e7a-feira (18), em decis\u00e3o assinada pelo promotor Inoc\u00eancio de Carvalho.<\/p>\n<div class=\"mc-column content-text active-extra-styles \" data-block-type=\"unstyled\" data-block-weight=\"36\" data-block-id=\"2\">\n<p class=\"content-text__container \" data-track-category=\"Link no Texto\" data-track-links=\"\">De acordo com o \u00f3rg\u00e3o, o suspeito foi ouvido no mesmo dia e informou que o aparelho estava com o sistema de bluetooth ligado e pode ter postado as fotos nos grupos \u201csem querer ou deliberadamente\u201d.<\/p>\n<\/div>\n<div class=\"mc-column content-text active-extra-styles \" data-block-type=\"unstyled\" data-block-weight=\"55\" data-block-id=\"3\">\n<p class=\"content-text__container \" data-track-category=\"Link no Texto\" data-track-links=\"\">Ainda conforme o MP, a garota havia enviado algumas fotos para o namorado, que mora em S\u00e3o Paulo, em junho de 2020, e ele teria repassado para um amigo. Em 11 de mar\u00e7o deste ano, a m\u00e3e da adolescente soube por uma amiga que fotos da menina estavam circulando em grupos de aplicativo de mensagem.<\/p>\n<\/div>\n<div class=\"mc-column content-text active-extra-styles \" data-block-type=\"unstyled\" data-block-weight=\"21\" data-block-id=\"4\">\n<p class=\"content-text__container \" data-track-category=\"Link no Texto\" data-track-links=\"\">O Minist\u00e9rio P\u00fablico concluiu que as fotos foram compartilhadas nos grupos ap\u00f3s serem repassadas pelo suspeito, que teve o celular apreendido.<\/p>\n<\/div>\n<p><!--more--><\/p>\n<div class=\"mc-column content-text active-extra-styles \" data-block-type=\"unstyled\" data-block-weight=\"50\" data-block-id=\"5\">\n<p class=\"content-text__container \" data-track-category=\"Link no Texto\" data-track-links=\"\">No depoimento, ele disse que as imagens foram divulgadas sem inten\u00e7\u00e3o, em um dia em que estava com amigos em uma reuni\u00e3o festiva. Segundo o \u00f3rg\u00e3o, o homem informou que o aparelho estava conectado ao som ambiente e, por isso, circulou por v\u00e1rias pessoas, que poderiam ter postado as fotos.<\/p>\n<\/div>\n<div class=\"mc-column content-text active-extra-styles \" data-block-type=\"unstyled\" data-block-weight=\"33\" data-block-id=\"6\">\n<p class=\"content-text__container \" data-track-category=\"Link no Texto\" data-track-links=\"\">O MP informou tamb\u00e9m que o homem teria dito, durante o depoimento, que o telefone poderia estar desbloqueado no bolso e ter postado as fotos involuntariamente. O aparelho ser\u00e1 periciado pelo Minist\u00e9rio P\u00fablico.<\/p>\n<p data-track-category=\"Link no Texto\" data-track-links=\"\">Como n\u00e3o havia mandado de pris\u00e3o contra o suspeito, ele foi ouvido e liberado em seguida e os fatos ser\u00e3o investigados com base no que foi apreendido para que sejam adotadas as medidas cab\u00edveis em lei.<\/p>\n<\/div>\n","protected":false},"excerpt":{"rendered":"<p>Um homem teve o telefone celular apreendido por agentes do Minist\u00e9rio P\u00fablico (MP-BA) na cidade de Coaraci, no sul da Bahia, depois de ter sido apontado como respons\u00e1vel por divulgar na internet fotos de uma adolescente nua, atrav\u00e9s de um aplicativo de mensagens. Os mandados de busca e apreens\u00e3o foram cumpridos na ter\u00e7a-feira (18), em [&hellip;]<\/p>\n","protected":false},"author":2,"featured_media":976,"comment_status":"closed","ping_status":"closed","sticky":false,"template":"","format":"standard","meta":{"_links_to":"","_links_to_target":""},"categories":[8,35],"tags":[],"views":440,"_links":{"self":[{"href":"https:\/\/www.bahiananoticias.com.br\/v1\/wp-json\/wp\/v2\/posts\/6294"}],"collection":[{"href":"https:\/\/www.bahiananoticias.com.br\/v1\/wp-json\/wp\/v2\/posts"}],"about":[{"href":"https:\/\/www.bahiananoticias.com.br\/v1\/wp-json\/wp\/v2\/types\/post"}],"author":[{"embeddable":true,"href":"https:\/\/www.bahiananoticias.com.br\/v1\/wp-json\/wp\/v2\/users\/2"}],"replies":[{"embeddable":true,"href":"https:\/\/www.bahiananoticias.com.br\/v1\/wp-json\/wp\/v2\/comments?post=6294"}],"version-history":[{"count":1,"href":"https:\/\/www.bahiananoticias.com.br\/v1\/wp-json\/wp\/v2\/posts\/6294\/revisions"}],"predecessor-version":[{"id":6295,"href":"https:\/\/www.bahiananoticias.com.br\/v1\/wp-json\/wp\/v2\/posts\/6294\/revisions\/6295"}],"wp:featuredmedia":[{"embeddable":true,"href":"https:\/\/www.bahiananoticias.com.br\/v1\/wp-json\/wp\/v2\/media\/976"}],"wp:attachment":[{"href":"https:\/\/www.bahiananoticias.com.br\/v1\/wp-json\/wp\/v2\/media?parent=6294"}],"wp:term":[{"taxonomy":"category","embeddable":true,"href":"https:\/\/www.bahiananoticias.com.br\/v1\/wp-json\/wp\/v2\/categories?post=6294"},{"taxonomy":"post_tag","embeddable":true,"href":"https:\/\/www.bahiananoticias.com.br\/v1\/wp-json\/wp\/v2\/tags?post=6294"}],"curies":[{"name":"wp","href":"https:\/\/api.w.org\/{rel}","templated":true}]}}