{"id":6289,"date":"2021-05-21T10:05:40","date_gmt":"2021-05-21T13:05:40","guid":{"rendered":"https:\/\/www.bahiananoticias.com.br\/v1\/?p=6289"},"modified":"2021-05-21T10:05:40","modified_gmt":"2021-05-21T13:05:40","slug":"bahia-vagas-abertas-para-concurso-com-cargo-de-defensor-publico-veja-edital","status":"publish","type":"post","link":"https:\/\/www.bahiananoticias.com.br\/v1\/2021\/05\/21\/bahia-vagas-abertas-para-concurso-com-cargo-de-defensor-publico-veja-edital\/","title":{"rendered":"BAHIA: VAGAS ABERTAS PARA CONCURSO COM CARGO DE DEFENSOR P\u00daBLICO ; VEJA EDITAL"},"content":{"rendered":"<div id=\"attachment_2230\" style=\"width: 580px\" class=\"wp-caption aligncenter\"><img aria-describedby=\"caption-attachment-2230\" decoding=\"async\" loading=\"lazy\" class=\"wp-image-2230 size-full\" src=\"https:\/\/www.bahiananoticias.com.br\/v1\/wp-content\/uploads\/2020\/12\/DEFENSORIA-PUBLICA.jpeg\" alt=\"\" width=\"570\" height=\"412\" srcset=\"https:\/\/www.bahiananoticias.com.br\/v1\/wp-content\/uploads\/2020\/12\/DEFENSORIA-PUBLICA.jpeg 570w, https:\/\/www.bahiananoticias.com.br\/v1\/wp-content\/uploads\/2020\/12\/DEFENSORIA-PUBLICA-300x217.jpeg 300w\" sizes=\"(max-width: 570px) 100vw, 570px\" \/><p id=\"caption-attachment-2230\" class=\"wp-caption-text\">\u00a0O concurso ser\u00e1 realizado em quatro etapas eliminat\u00f3rias e\/ou classificat\u00f3rias e as provas ser\u00e3o aplicadas em Salvador.<\/p><\/div>\n<p>A Defensoria P\u00fablica do Estado da Bahia (DPE-BA) publicou, nesta quarta-feira (19), Edital que visa o preenchimento de 18 vagas destinadas ao cargo de defensor p\u00fablico. As inscri\u00e7\u00f5es come\u00e7am \u00e0s 10h da pr\u00f3xima segunda-feira (24) e devem ser feitas pelo site www.concursosfcc.com.br at\u00e9 as 14h do dia 23 de junho. A taxa \u00e9 de R$ 280,00.<\/p>\n<p>O concurso ser\u00e1 realizado em quatro etapas eliminat\u00f3rias e\/ou classificat\u00f3rias e as provas ser\u00e3o aplicadas em Salvador. A prova objetiva seletiva ser\u00e1 no dia 1\u00ba de agosto de 2021; as Provas Discursivas de Car\u00e1ter Espec\u00edfico ser\u00e3o aplicadas nos dias 2 e 3 de outubro de 2021.<\/p>\n<p>J\u00e1 o prazo para envio das comprova\u00e7\u00f5es para a Avalia\u00e7\u00e3o de T\u00edtulos \u00e9 de 6 a 10 de janeiro de 2022 e a Prova Oral ser\u00e1 aplicada no per\u00edodo de 15 a 17 de janeiro de 2022. A previs\u00e3o \u00e9 que o resultado final seja publicado no dia 17 de mar\u00e7o de 2022. O concurso tem validade de dois anos a partir da homologa\u00e7\u00e3o. Esse prazo pode ser prorrogado por igual.<\/p>\n<p>Do total de 18 vagas iniciais, 12 s\u00e3o para ampla concorr\u00eancia, 1 vaga para candidatos com defici\u00eancia e 5 vagas s\u00e3o reservadas aos candidatos integrantes da popula\u00e7\u00e3o negra. O concurso prev\u00ea, tamb\u00e9m, a vaga reservada aos povos ind\u00edgenas, que ser\u00e1 oferecida quando o total de vagas (somando as iniciais e as que surgirem durante o prazo de validade) chegar a 26.<\/p>\n","protected":false},"excerpt":{"rendered":"<p>A Defensoria P\u00fablica do Estado da Bahia (DPE-BA) publicou, nesta quarta-feira (19), Edital que visa o preenchimento de 18 vagas destinadas ao cargo de defensor p\u00fablico. As inscri\u00e7\u00f5es come\u00e7am \u00e0s 10h da pr\u00f3xima segunda-feira (24) e devem ser feitas pelo site www.concursosfcc.com.br at\u00e9 as 14h do dia 23 de junho. A taxa \u00e9 de R$ [&hellip;]<\/p>\n","protected":false},"author":2,"featured_media":2230,"comment_status":"closed","ping_status":"closed","sticky":false,"template":"","format":"standard","meta":{"_links_to":"","_links_to_target":""},"categories":[11,5],"tags":[],"views":505,"_links":{"self":[{"href":"https:\/\/www.bahiananoticias.com.br\/v1\/wp-json\/wp\/v2\/posts\/6289"}],"collection":[{"href":"https:\/\/www.bahiananoticias.com.br\/v1\/wp-json\/wp\/v2\/posts"}],"about":[{"href":"https:\/\/www.bahiananoticias.com.br\/v1\/wp-json\/wp\/v2\/types\/post"}],"author":[{"embeddable":true,"href":"https:\/\/www.bahiananoticias.com.br\/v1\/wp-json\/wp\/v2\/users\/2"}],"replies":[{"embeddable":true,"href":"https:\/\/www.bahiananoticias.com.br\/v1\/wp-json\/wp\/v2\/comments?post=6289"}],"version-history":[{"count":2,"href":"https:\/\/www.bahiananoticias.com.br\/v1\/wp-json\/wp\/v2\/posts\/6289\/revisions"}],"predecessor-version":[{"id":6305,"href":"https:\/\/www.bahiananoticias.com.br\/v1\/wp-json\/wp\/v2\/posts\/6289\/revisions\/6305"}],"wp:featuredmedia":[{"embeddable":true,"href":"https:\/\/www.bahiananoticias.com.br\/v1\/wp-json\/wp\/v2\/media\/2230"}],"wp:attachment":[{"href":"https:\/\/www.bahiananoticias.com.br\/v1\/wp-json\/wp\/v2\/media?parent=6289"}],"wp:term":[{"taxonomy":"category","embeddable":true,"href":"https:\/\/www.bahiananoticias.com.br\/v1\/wp-json\/wp\/v2\/categories?post=6289"},{"taxonomy":"post_tag","embeddable":true,"href":"https:\/\/www.bahiananoticias.com.br\/v1\/wp-json\/wp\/v2\/tags?post=6289"}],"curies":[{"name":"wp","href":"https:\/\/api.w.org\/{rel}","templated":true}]}}