{"id":6281,"date":"2021-05-21T09:52:53","date_gmt":"2021-05-21T12:52:53","guid":{"rendered":"https:\/\/www.bahiananoticias.com.br\/v1\/?p=6281"},"modified":"2021-05-21T09:52:53","modified_gmt":"2021-05-21T12:52:53","slug":"secretario-alerta-para-crescimento-progressivo-da-media-movel-de-casos-ativos-da-covid-19-na-bahia","status":"publish","type":"post","link":"https:\/\/www.bahiananoticias.com.br\/v1\/2021\/05\/21\/secretario-alerta-para-crescimento-progressivo-da-media-movel-de-casos-ativos-da-covid-19-na-bahia\/","title":{"rendered":"SECRET\u00c1RIO ALERTA PARA CRESCIMENTO PROGRESSIVO DA M\u00c9DIA M\u00d3VEL DE CASOS ATIVOS DA COVID-19 NA BAHIA"},"content":{"rendered":"<div id=\"attachment_6282\" style=\"width: 580px\" class=\"wp-caption aligncenter\"><img aria-describedby=\"caption-attachment-6282\" decoding=\"async\" loading=\"lazy\" class=\"size-full wp-image-6282\" src=\"https:\/\/www.bahiananoticias.com.br\/v1\/wp-content\/uploads\/2021\/05\/107260secretario-alerta-para-crescimento-progressivo-da-media-movel-de-casos-ativos-da-covid-na-bahia-3.jpg\" alt=\"\" width=\"570\" height=\"268\" srcset=\"https:\/\/www.bahiananoticias.com.br\/v1\/wp-content\/uploads\/2021\/05\/107260secretario-alerta-para-crescimento-progressivo-da-media-movel-de-casos-ativos-da-covid-na-bahia-3.jpg 570w, https:\/\/www.bahiananoticias.com.br\/v1\/wp-content\/uploads\/2021\/05\/107260secretario-alerta-para-crescimento-progressivo-da-media-movel-de-casos-ativos-da-covid-na-bahia-3-300x141.jpg 300w\" sizes=\"(max-width: 570px) 100vw, 570px\" \/><p id=\"caption-attachment-6282\" class=\"wp-caption-text\">Em 45 dias, m\u00e9dia m\u00f3vel de casos em uma semana teve crescimento de mais de 13%: cerca de 2 mil registros a mais<\/p><\/div>\n<p>O secret\u00e1rio de Sa\u00fade da Bahia, F\u00e1bio Vilas-Boas, alertou, nesta quinta-feira (20),\u00a0para o crescimento da m\u00e9dia m\u00f3vel de casos ativos da covid-19 no estado. O indicador, que registra a m\u00e9dia de casos em uma semana, iniciou o m\u00eas de abril abaixo de 15.000 registros e, no in\u00edcio desta semana, a m\u00e9dia chegou a praticamente 17.000. Em cerca de 45 dias, ent\u00e3o, o aumento foi de mais de 13%.<\/p>\n<p>O gestor da pasta afirmou que o aumento \u00e9 progressivo, ou seja, tende a continuar evoluindo. E, com o S\u00e3o Jo\u00e3o chegando, per\u00edodo onde geralmente h\u00e1 grandes aglomera\u00e7\u00f5es, ele refor\u00e7ou a import\u00e2ncia de seguir as medidas sanit\u00e1rias de prote\u00e7\u00e3o \u00e0 doen\u00e7a. \u201c[Para] interromper essa curva, apenas com medidas de distanciamento e uso de m\u00e1scaras\u201d, afirmou.<\/p>\n<p>Vilas-Boas tamb\u00e9m citou a demora na chegada de novas remessas de vacinas contra o coronav\u00edrus, o que torna a vacina\u00e7\u00e3o lenta e n\u00e3o abrange ainda um p\u00fablico imunizado suficiente para a diminui\u00e7\u00e3o dos casos e mortes pela doen\u00e7a. De acordo com o cons\u00f3rcio de ve\u00edculos de imprensa, a Bahia aplicou a primeira dose da vacina em 3.052.551 pessoas at\u00e9 esta quarta-feira (19), o que representa 20,44% da popula\u00e7\u00e3o. Destas, 1.396.873 receberam o refor\u00e7o: 9,36% dos habitantes do estado.<\/p>\n<p>At\u00e9 esta quarta-feira (19), segundo dados do boletim da Secretaria de Sa\u00fade do Estado da Bahia (Sesab), o estado registrou, desde o in\u00edcio da pandemia, 966.268 casos confirmados da doen\u00e7a e 20.131 mortes. A taxa de ocupa\u00e7\u00e3o dos leitos de Unidade de Terapia Intensiva (UTI) para pacientes adultos com covid est\u00e1 em 85%.<\/p>\n","protected":false},"excerpt":{"rendered":"<p>O secret\u00e1rio de Sa\u00fade da Bahia, F\u00e1bio Vilas-Boas, alertou, nesta quinta-feira (20),\u00a0para o crescimento da m\u00e9dia m\u00f3vel de casos ativos da covid-19 no estado. O indicador, que registra a m\u00e9dia de casos em uma semana, iniciou o m\u00eas de abril abaixo de 15.000 registros e, no in\u00edcio desta semana, a m\u00e9dia chegou a praticamente 17.000. [&hellip;]<\/p>\n","protected":false},"author":2,"featured_media":6282,"comment_status":"closed","ping_status":"closed","sticky":false,"template":"","format":"standard","meta":{"_links_to":"","_links_to_target":""},"categories":[11,2],"tags":[],"views":381,"_links":{"self":[{"href":"https:\/\/www.bahiananoticias.com.br\/v1\/wp-json\/wp\/v2\/posts\/6281"}],"collection":[{"href":"https:\/\/www.bahiananoticias.com.br\/v1\/wp-json\/wp\/v2\/posts"}],"about":[{"href":"https:\/\/www.bahiananoticias.com.br\/v1\/wp-json\/wp\/v2\/types\/post"}],"author":[{"embeddable":true,"href":"https:\/\/www.bahiananoticias.com.br\/v1\/wp-json\/wp\/v2\/users\/2"}],"replies":[{"embeddable":true,"href":"https:\/\/www.bahiananoticias.com.br\/v1\/wp-json\/wp\/v2\/comments?post=6281"}],"version-history":[{"count":1,"href":"https:\/\/www.bahiananoticias.com.br\/v1\/wp-json\/wp\/v2\/posts\/6281\/revisions"}],"predecessor-version":[{"id":6283,"href":"https:\/\/www.bahiananoticias.com.br\/v1\/wp-json\/wp\/v2\/posts\/6281\/revisions\/6283"}],"wp:featuredmedia":[{"embeddable":true,"href":"https:\/\/www.bahiananoticias.com.br\/v1\/wp-json\/wp\/v2\/media\/6282"}],"wp:attachment":[{"href":"https:\/\/www.bahiananoticias.com.br\/v1\/wp-json\/wp\/v2\/media?parent=6281"}],"wp:term":[{"taxonomy":"category","embeddable":true,"href":"https:\/\/www.bahiananoticias.com.br\/v1\/wp-json\/wp\/v2\/categories?post=6281"},{"taxonomy":"post_tag","embeddable":true,"href":"https:\/\/www.bahiananoticias.com.br\/v1\/wp-json\/wp\/v2\/tags?post=6281"}],"curies":[{"name":"wp","href":"https:\/\/api.w.org\/{rel}","templated":true}]}}