{"id":6278,"date":"2021-05-21T09:51:07","date_gmt":"2021-05-21T12:51:07","guid":{"rendered":"https:\/\/www.bahiananoticias.com.br\/v1\/?p=6278"},"modified":"2021-05-21T09:51:07","modified_gmt":"2021-05-21T12:51:07","slug":"canoista-de-itacare-esta-na-final-do-mundial-da-russia","status":"publish","type":"post","link":"https:\/\/www.bahiananoticias.com.br\/v1\/2021\/05\/21\/canoista-de-itacare-esta-na-final-do-mundial-da-russia\/","title":{"rendered":"CANO\u00cdSTA DE ITACAR\u00c9 EST\u00c1 NA FINAL DO MUNDIAL DA R\u00daSSIA"},"content":{"rendered":"<div id=\"attachment_6279\" style=\"width: 580px\" class=\"wp-caption aligncenter\"><img aria-describedby=\"caption-attachment-6279\" decoding=\"async\" loading=\"lazy\" class=\"wp-image-6279 size-full\" src=\"https:\/\/www.bahiananoticias.com.br\/v1\/wp-content\/uploads\/2021\/05\/canoista-de-itacare-esta-na-final-do-mundial-da-russia-1280-4cec153c.jpg\" alt=\"\" width=\"570\" height=\"340\" srcset=\"https:\/\/www.bahiananoticias.com.br\/v1\/wp-content\/uploads\/2021\/05\/canoista-de-itacare-esta-na-final-do-mundial-da-russia-1280-4cec153c.jpg 570w, https:\/\/www.bahiananoticias.com.br\/v1\/wp-content\/uploads\/2021\/05\/canoista-de-itacare-esta-na-final-do-mundial-da-russia-1280-4cec153c-300x179.jpg 300w\" sizes=\"(max-width: 570px) 100vw, 570px\" \/><p id=\"caption-attachment-6279\" class=\"wp-caption-text\">Valdenice Concei\u00e7\u00e3o<\/p><\/div>\n<p>Uma cano\u00edsta de Itacar\u00e9, no sul da Bahia,\u00a0 est\u00e1 na final da 2\u00aa Etapa da Copa do Mundo,\u00a0 disputada em Barnaul, na R\u00fassia. Nesta quinta-feira (20), a atleta Valdenice Concei\u00e7\u00e3o disputou a prova do C1 200 metros e ficou na terceira posi\u00e7\u00e3o na classificat\u00f3ria.<\/p>\n<p>Uma cano\u00edsta de Itacar\u00e9, no sul da Bahia,\u00a0 est\u00e1 na final da 2\u00aa Etapa da Copa do Mundo,\u00a0 disputada em Barnaul, na R\u00fassia. Nesta quinta-feira (20), a atleta Valdenice Concei\u00e7\u00e3o disputou a prova do C1 200 metros e ficou na terceira posi\u00e7\u00e3o na classificat\u00f3ria.<\/p>\n","protected":false},"excerpt":{"rendered":"<p>Uma cano\u00edsta de Itacar\u00e9, no sul da Bahia,\u00a0 est\u00e1 na final da 2\u00aa Etapa da Copa do Mundo,\u00a0 disputada em Barnaul, na R\u00fassia. Nesta quinta-feira (20), a atleta Valdenice Concei\u00e7\u00e3o disputou a prova do C1 200 metros e ficou na terceira posi\u00e7\u00e3o na classificat\u00f3ria. Uma cano\u00edsta de Itacar\u00e9, no sul da Bahia,\u00a0 est\u00e1 na final [&hellip;]<\/p>\n","protected":false},"author":2,"featured_media":6279,"comment_status":"closed","ping_status":"closed","sticky":false,"template":"","format":"standard","meta":{"_links_to":"","_links_to_target":""},"categories":[11,13],"tags":[],"views":458,"_links":{"self":[{"href":"https:\/\/www.bahiananoticias.com.br\/v1\/wp-json\/wp\/v2\/posts\/6278"}],"collection":[{"href":"https:\/\/www.bahiananoticias.com.br\/v1\/wp-json\/wp\/v2\/posts"}],"about":[{"href":"https:\/\/www.bahiananoticias.com.br\/v1\/wp-json\/wp\/v2\/types\/post"}],"author":[{"embeddable":true,"href":"https:\/\/www.bahiananoticias.com.br\/v1\/wp-json\/wp\/v2\/users\/2"}],"replies":[{"embeddable":true,"href":"https:\/\/www.bahiananoticias.com.br\/v1\/wp-json\/wp\/v2\/comments?post=6278"}],"version-history":[{"count":1,"href":"https:\/\/www.bahiananoticias.com.br\/v1\/wp-json\/wp\/v2\/posts\/6278\/revisions"}],"predecessor-version":[{"id":6280,"href":"https:\/\/www.bahiananoticias.com.br\/v1\/wp-json\/wp\/v2\/posts\/6278\/revisions\/6280"}],"wp:featuredmedia":[{"embeddable":true,"href":"https:\/\/www.bahiananoticias.com.br\/v1\/wp-json\/wp\/v2\/media\/6279"}],"wp:attachment":[{"href":"https:\/\/www.bahiananoticias.com.br\/v1\/wp-json\/wp\/v2\/media?parent=6278"}],"wp:term":[{"taxonomy":"category","embeddable":true,"href":"https:\/\/www.bahiananoticias.com.br\/v1\/wp-json\/wp\/v2\/categories?post=6278"},{"taxonomy":"post_tag","embeddable":true,"href":"https:\/\/www.bahiananoticias.com.br\/v1\/wp-json\/wp\/v2\/tags?post=6278"}],"curies":[{"name":"wp","href":"https:\/\/api.w.org\/{rel}","templated":true}]}}