{"id":6007,"date":"2021-05-11T10:17:08","date_gmt":"2021-05-11T13:17:08","guid":{"rendered":"https:\/\/www.bahiananoticias.com.br\/v1\/?p=6007"},"modified":"2021-05-11T10:17:08","modified_gmt":"2021-05-11T13:17:08","slug":"ilheus-recebe-carreta-do-sac-movel-a-partir-do-dia-18","status":"publish","type":"post","link":"https:\/\/www.bahiananoticias.com.br\/v1\/2021\/05\/11\/ilheus-recebe-carreta-do-sac-movel-a-partir-do-dia-18\/","title":{"rendered":"ILH\u00c9US RECEBE CARRETA DO SAC M\u00d3VEL A PARTIR DO DIA 18"},"content":{"rendered":"<p><img decoding=\"async\" loading=\"lazy\" class=\"aligncenter size-full wp-image-6008\" src=\"https:\/\/www.bahiananoticias.com.br\/v1\/wp-content\/uploads\/2021\/05\/SAC-Movel.jpg\" alt=\"\" width=\"570\" height=\"399\" srcset=\"https:\/\/www.bahiananoticias.com.br\/v1\/wp-content\/uploads\/2021\/05\/SAC-Movel.jpg 570w, https:\/\/www.bahiananoticias.com.br\/v1\/wp-content\/uploads\/2021\/05\/SAC-Movel-300x210.jpg 300w\" sizes=\"(max-width: 570px) 100vw, 570px\" \/><\/p>\n<p>As cidades de Cama\u00e7ari, na Regi\u00e3o Metropolitana de Salvador (RMS), e Ilh\u00e9us, no sul da Bahia, recebem as carretas do SAC M\u00f3vel. Os servi\u00e7os dispon\u00edveis \u00e0 popula\u00e7\u00e3o s\u00e3o RG, CPF e Antecedentes Criminais, al\u00e9m da Ouvidoria Geral do Estado (OGE).<\/p>\n<p>Em Cama\u00e7ari, o caminh\u00e3o atende a partir do dia 17 de maio, das 9h \u00e0s 17h, no estacionamento do Boulevard Shopping Cama\u00e7ari. J\u00e1 em Ilh\u00e9us, o SAC M\u00f3vel, que inicia atendimento no dia 18 de maio, estar\u00e1 na rua Eust\u00e1quio Bastos, no centro da cidade. O atendimento ser\u00e1 das 7h \u00e0s 15h30. Em ambos os munic\u00edpios, o expediente \u00e9 de segunda a sexta-feira.<\/p>\n<p>Vale lembrar que o atendimento em toda a Rede SAC, incluindo o SAC M\u00f3vel, \u00e9 100% por agendamento, por meio do\u00a0<a href=\"http:\/\/www.sacdigital.ba.gov.br\/\" target=\"_blank\" rel=\"noreferrer noopener external\" data-wpel-link=\"external\">SAC Digital<\/a>. Para agendar, \u00e9 s\u00f3 baixar o aplicativo ou acessar o endere\u00e7o\u00a0<a href=\"http:\/\/www.sacdigital.ba.gov.br\/\" target=\"_blank\" rel=\"noreferrer noopener external\" data-wpel-link=\"external\">www.sacdigital.ba.gov.br<\/a>\u00a0na internet. Para outras informa\u00e7\u00f5es, a Secretaria da Administra\u00e7\u00e3o (Saeb) ainda disponibiliza o\u00a0<a href=\"http:\/\/www.sac.ba.gov.br\/\" target=\"_blank\" rel=\"noreferrer noopener external\" data-wpel-link=\"external\">site institucional do SAC<\/a>\u00a0e o call center: (71) 4020-5353 (liga\u00e7\u00e3o de celular) ou 0800 071 5353 (liga\u00e7\u00e3o de telefone fixo).<!--more--><\/p>\n<h3>Medidas de seguran\u00e7a<\/h3>\n<p>A Rede SAC refor\u00e7a a necessidade dos cidad\u00e3os redobrarem a aten\u00e7\u00e3o aos cuidados ao se dirigem ao SAC. Entre as medidas de seguran\u00e7a adotadas pela Rede SAC est\u00e3o a disponibiliza\u00e7\u00e3o de dispensers com \u00e1lcool a 70%; refor\u00e7o na higieniza\u00e7\u00e3o das depend\u00eancias, bem como dos m\u00f3veis; reorganiza\u00e7\u00e3o do espa\u00e7o de espera para promover o distanciamento, e controle da quantidade de agendamentos, reduzindo o n\u00famero de pessoas no ambiente. Al\u00e9m disso, o atendimento \u00e9 individual, sem acompanhantes, exceto em casos excepcionais.<\/p>\n","protected":false},"excerpt":{"rendered":"<p>As cidades de Cama\u00e7ari, na Regi\u00e3o Metropolitana de Salvador (RMS), e Ilh\u00e9us, no sul da Bahia, recebem as carretas do SAC M\u00f3vel. Os servi\u00e7os dispon\u00edveis \u00e0 popula\u00e7\u00e3o s\u00e3o RG, CPF e Antecedentes Criminais, al\u00e9m da Ouvidoria Geral do Estado (OGE). Em Cama\u00e7ari, o caminh\u00e3o atende a partir do dia 17 de maio, das 9h \u00e0s [&hellip;]<\/p>\n","protected":false},"author":2,"featured_media":6008,"comment_status":"closed","ping_status":"closed","sticky":false,"template":"","format":"standard","meta":{"_links_to":"","_links_to_target":""},"categories":[5],"tags":[],"views":540,"_links":{"self":[{"href":"https:\/\/www.bahiananoticias.com.br\/v1\/wp-json\/wp\/v2\/posts\/6007"}],"collection":[{"href":"https:\/\/www.bahiananoticias.com.br\/v1\/wp-json\/wp\/v2\/posts"}],"about":[{"href":"https:\/\/www.bahiananoticias.com.br\/v1\/wp-json\/wp\/v2\/types\/post"}],"author":[{"embeddable":true,"href":"https:\/\/www.bahiananoticias.com.br\/v1\/wp-json\/wp\/v2\/users\/2"}],"replies":[{"embeddable":true,"href":"https:\/\/www.bahiananoticias.com.br\/v1\/wp-json\/wp\/v2\/comments?post=6007"}],"version-history":[{"count":1,"href":"https:\/\/www.bahiananoticias.com.br\/v1\/wp-json\/wp\/v2\/posts\/6007\/revisions"}],"predecessor-version":[{"id":6009,"href":"https:\/\/www.bahiananoticias.com.br\/v1\/wp-json\/wp\/v2\/posts\/6007\/revisions\/6009"}],"wp:featuredmedia":[{"embeddable":true,"href":"https:\/\/www.bahiananoticias.com.br\/v1\/wp-json\/wp\/v2\/media\/6008"}],"wp:attachment":[{"href":"https:\/\/www.bahiananoticias.com.br\/v1\/wp-json\/wp\/v2\/media?parent=6007"}],"wp:term":[{"taxonomy":"category","embeddable":true,"href":"https:\/\/www.bahiananoticias.com.br\/v1\/wp-json\/wp\/v2\/categories?post=6007"},{"taxonomy":"post_tag","embeddable":true,"href":"https:\/\/www.bahiananoticias.com.br\/v1\/wp-json\/wp\/v2\/tags?post=6007"}],"curies":[{"name":"wp","href":"https:\/\/api.w.org\/{rel}","templated":true}]}}