{"id":5997,"date":"2021-05-11T10:04:16","date_gmt":"2021-05-11T13:04:16","guid":{"rendered":"https:\/\/www.bahiananoticias.com.br\/v1\/?p=5997"},"modified":"2021-05-11T10:04:16","modified_gmt":"2021-05-11T13:04:16","slug":"covid-19-saude-divulga-balanco-semanal-da-vacinacao-em-ilheus","status":"publish","type":"post","link":"https:\/\/www.bahiananoticias.com.br\/v1\/2021\/05\/11\/covid-19-saude-divulga-balanco-semanal-da-vacinacao-em-ilheus\/","title":{"rendered":"COVID-19: SA\u00daDE DIVULGA BALAN\u00c7O SEMANAL DA VACINA\u00c7\u00c3O EM ILH\u00c9US"},"content":{"rendered":"<div id=\"attachment_5998\" style=\"width: 580px\" class=\"wp-caption aligncenter\"><img aria-describedby=\"caption-attachment-5998\" decoding=\"async\" loading=\"lazy\" class=\"size-full wp-image-5998\" src=\"https:\/\/www.bahiananoticias.com.br\/v1\/wp-content\/uploads\/2021\/05\/D8B3CD61-DEE3-CECC-08EE-BDD87BAA55D0.jpg\" alt=\"\" width=\"570\" height=\"570\" srcset=\"https:\/\/www.bahiananoticias.com.br\/v1\/wp-content\/uploads\/2021\/05\/D8B3CD61-DEE3-CECC-08EE-BDD87BAA55D0.jpg 570w, https:\/\/www.bahiananoticias.com.br\/v1\/wp-content\/uploads\/2021\/05\/D8B3CD61-DEE3-CECC-08EE-BDD87BAA55D0-300x300.jpg 300w, https:\/\/www.bahiananoticias.com.br\/v1\/wp-content\/uploads\/2021\/05\/D8B3CD61-DEE3-CECC-08EE-BDD87BAA55D0-150x150.jpg 150w\" sizes=\"(max-width: 570px) 100vw, 570px\" \/><p id=\"caption-attachment-5998\" class=\"wp-caption-text\">Ao todo, 6.415 doses foram aplicadas entre os dias 3 e 8 de maio de 2021.<\/p><\/div>\n<p>A secretaria municipal de Sa\u00fade (Sesau) da Prefeitura de Ilh\u00e9us divulgou o balan\u00e7o da vacina\u00e7\u00e3o contra a Covid-19, na \u00faltima semana. Ao todo, 6.415 doses foram aplicadas entre os dias 3 e 8 de maio de 2021, sendo 6.073 da primeira dose e 342 da segunda dose.<\/p>\n<p>De acordo com a Sesau, os p\u00fablicos priorit\u00e1rios atendidos na semana foram a for\u00e7a de seguran\u00e7a e salvamento; da limpeza p\u00fablica; idosos acamados; ind\u00edgenas; quilombolas; farmac\u00eauticos e balconistas; professores da \u00e1rea de sa\u00fade; transplantados e portadores de patologias como esclerose m\u00faltipla, s\u00edndrome de down, autismo, transtornos mental, doen\u00e7a renal, c\u00e2ncer, diabetes, hipertens\u00e3o, obesidade m\u00f3rbida, tuberculose, hansen\u00edase, anemia falciforme e pessoas convivendo com HIV.<\/p>\n<p>Quem integra esses grupos e ainda n\u00e3o receberam a primeira dose, novas chamadas ser\u00e3o realizadas para nova oportunidade da imuniza\u00e7\u00e3o, de acordo com o cronograma da Sesau.<\/p>\n<p>Nesta semana, s\u00e3o convocados para a imuniza\u00e7\u00e3o contra a Covid-19 nesta segunda-feira, 10, das 8h \u00e0s 14h, os trabalhadores das escolas particulares, do p\u00fablico do Benef\u00edcio de Presta\u00e7\u00e3o Continuada (BPC) e pessoas com defici\u00eancia (auditiva, motora, visual e mental), todos com idade a partir de 40 anos. Os trabalhadores das escolas particulares com mais de 40 anos est\u00e3o sendo vacinados hoje na Cruzada do Bem pelo Bem.<\/p>\n<p>Os benefici\u00e1rios do BPC e pessoas com defici\u00eancia, seja auditiva, motora, visual e mental, todos com mais de 40 anos, ser\u00e3o vacinados na segunda-feira, 10, e tamb\u00e9m na sexta-feira, 14, nas unidades do Centro de Refer\u00eancia de Assist\u00eancia Social (<dfn id=\"dfn_materia_0_0\" title=\"\" data-trigger=\"hover\" data-toggle=\"popover\" data-placement=\"left\" data-content=\"Centro de Refer\u00eancia da Assist\u00eancia Social\" data-original-title=\"\">CRAS<\/dfn>).<\/p>\n","protected":false},"excerpt":{"rendered":"<p>A secretaria municipal de Sa\u00fade (Sesau) da Prefeitura de Ilh\u00e9us divulgou o balan\u00e7o da vacina\u00e7\u00e3o contra a Covid-19, na \u00faltima semana. Ao todo, 6.415 doses foram aplicadas entre os dias 3 e 8 de maio de 2021, sendo 6.073 da primeira dose e 342 da segunda dose. De acordo com a Sesau, os p\u00fablicos priorit\u00e1rios [&hellip;]<\/p>\n","protected":false},"author":2,"featured_media":5998,"comment_status":"closed","ping_status":"closed","sticky":false,"template":"","format":"standard","meta":{"_links_to":"","_links_to_target":""},"categories":[35],"tags":[],"views":368,"_links":{"self":[{"href":"https:\/\/www.bahiananoticias.com.br\/v1\/wp-json\/wp\/v2\/posts\/5997"}],"collection":[{"href":"https:\/\/www.bahiananoticias.com.br\/v1\/wp-json\/wp\/v2\/posts"}],"about":[{"href":"https:\/\/www.bahiananoticias.com.br\/v1\/wp-json\/wp\/v2\/types\/post"}],"author":[{"embeddable":true,"href":"https:\/\/www.bahiananoticias.com.br\/v1\/wp-json\/wp\/v2\/users\/2"}],"replies":[{"embeddable":true,"href":"https:\/\/www.bahiananoticias.com.br\/v1\/wp-json\/wp\/v2\/comments?post=5997"}],"version-history":[{"count":1,"href":"https:\/\/www.bahiananoticias.com.br\/v1\/wp-json\/wp\/v2\/posts\/5997\/revisions"}],"predecessor-version":[{"id":5999,"href":"https:\/\/www.bahiananoticias.com.br\/v1\/wp-json\/wp\/v2\/posts\/5997\/revisions\/5999"}],"wp:featuredmedia":[{"embeddable":true,"href":"https:\/\/www.bahiananoticias.com.br\/v1\/wp-json\/wp\/v2\/media\/5998"}],"wp:attachment":[{"href":"https:\/\/www.bahiananoticias.com.br\/v1\/wp-json\/wp\/v2\/media?parent=5997"}],"wp:term":[{"taxonomy":"category","embeddable":true,"href":"https:\/\/www.bahiananoticias.com.br\/v1\/wp-json\/wp\/v2\/categories?post=5997"},{"taxonomy":"post_tag","embeddable":true,"href":"https:\/\/www.bahiananoticias.com.br\/v1\/wp-json\/wp\/v2\/tags?post=5997"}],"curies":[{"name":"wp","href":"https:\/\/api.w.org\/{rel}","templated":true}]}}