{"id":542,"date":"2020-09-28T09:16:13","date_gmt":"2020-09-28T12:16:13","guid":{"rendered":"https:\/\/www.bahiananoticias.com.br\/v1\/?p=542"},"modified":"2020-09-28T09:16:13","modified_gmt":"2020-09-28T12:16:13","slug":"ilheus-crianca-e-baleada-durante-tiroteio-no-ultimo-sabado-26","status":"publish","type":"post","link":"https:\/\/www.bahiananoticias.com.br\/v1\/2020\/09\/28\/ilheus-crianca-e-baleada-durante-tiroteio-no-ultimo-sabado-26\/","title":{"rendered":"ILH\u00c9US: CRIAN\u00c7A \u00c9 BALEADA DURANTE TIROTEIO, NO \u00daLTIMO S\u00c1BADO (26)"},"content":{"rendered":"<p><img decoding=\"async\" loading=\"lazy\" class=\"aligncenter size-full wp-image-543\" src=\"https:\/\/www.bahiananoticias.com.br\/v1\/wp-content\/uploads\/2020\/09\/96B4ED33229B1EFBA2089E78238C3AE51425_foto-tiro.jpg\" alt=\"\" width=\"350\" height=\"245\" srcset=\"https:\/\/www.bahiananoticias.com.br\/v1\/wp-content\/uploads\/2020\/09\/96B4ED33229B1EFBA2089E78238C3AE51425_foto-tiro.jpg 350w, https:\/\/www.bahiananoticias.com.br\/v1\/wp-content\/uploads\/2020\/09\/96B4ED33229B1EFBA2089E78238C3AE51425_foto-tiro-300x210.jpg 300w\" sizes=\"(max-width: 350px) 100vw, 350px\" \/><\/p>\n<p>Um menino de 9 anos foi baleado no abd\u00f4men ap\u00f3s um ataque a tiros de um grupo criminoso no bairro Nossa Senhora da Vit\u00f3ria, em Ilh\u00e9us, no sul da Bahia. O crime aconteceu na tarde de s\u00e1bado,26, mas as informa\u00e7\u00f5es s\u00f3 foram confirmadas pela pol\u00edcia neste domingo,27.<\/p>\n<div class=\"mc-column content-text active-extra-styles \" data-block-type=\"unstyled\" data-block-weight=\"41\" data-block-id=\"2\">\n<p class=\"content-text__container \" data-track-category=\"Link no Texto\" data-track-links=\"\">De acordo com o delegado H\u00e9lder Carvalhal, os bandidos teriam invadido um condom\u00ednio no bairro para atingir integrantes de grupo criminoso rival. Eles chegaram atirando no local e atingiram a crian\u00e7a, que foi levada por familiares para um hospital da regi\u00e3o.<\/p>\n<\/div>\n<div class=\"mc-column content-text active-extra-styles \" data-block-type=\"unstyled\" data-block-weight=\"28\" data-block-id=\"3\">\n<p class=\"content-text__container \" data-track-category=\"Link no Texto\" data-track-links=\"\">Segundo o delegado, ser\u00e1 instaurado um inqu\u00e9rito para investigar o caso. Testemunhas e os pais da crian\u00e7a ser\u00e3o ouvidos. N\u00e3o h\u00e1 informa\u00e7\u00f5es sobre o estado de sa\u00fade dela.<\/p>\n<\/div>\n","protected":false},"excerpt":{"rendered":"<p>Um menino de 9 anos foi baleado no abd\u00f4men ap\u00f3s um ataque a tiros de um grupo criminoso no bairro Nossa Senhora da Vit\u00f3ria, em Ilh\u00e9us, no sul da Bahia. O crime aconteceu na tarde de s\u00e1bado,26, mas as informa\u00e7\u00f5es s\u00f3 foram confirmadas pela pol\u00edcia neste domingo,27. De acordo com o delegado H\u00e9lder Carvalhal, os [&hellip;]<\/p>\n","protected":false},"author":2,"featured_media":543,"comment_status":"closed","ping_status":"closed","sticky":false,"template":"","format":"standard","meta":{"_links_to":"","_links_to_target":""},"categories":[8,35],"tags":[37,49],"views":602,"_links":{"self":[{"href":"https:\/\/www.bahiananoticias.com.br\/v1\/wp-json\/wp\/v2\/posts\/542"}],"collection":[{"href":"https:\/\/www.bahiananoticias.com.br\/v1\/wp-json\/wp\/v2\/posts"}],"about":[{"href":"https:\/\/www.bahiananoticias.com.br\/v1\/wp-json\/wp\/v2\/types\/post"}],"author":[{"embeddable":true,"href":"https:\/\/www.bahiananoticias.com.br\/v1\/wp-json\/wp\/v2\/users\/2"}],"replies":[{"embeddable":true,"href":"https:\/\/www.bahiananoticias.com.br\/v1\/wp-json\/wp\/v2\/comments?post=542"}],"version-history":[{"count":1,"href":"https:\/\/www.bahiananoticias.com.br\/v1\/wp-json\/wp\/v2\/posts\/542\/revisions"}],"predecessor-version":[{"id":544,"href":"https:\/\/www.bahiananoticias.com.br\/v1\/wp-json\/wp\/v2\/posts\/542\/revisions\/544"}],"wp:featuredmedia":[{"embeddable":true,"href":"https:\/\/www.bahiananoticias.com.br\/v1\/wp-json\/wp\/v2\/media\/543"}],"wp:attachment":[{"href":"https:\/\/www.bahiananoticias.com.br\/v1\/wp-json\/wp\/v2\/media?parent=542"}],"wp:term":[{"taxonomy":"category","embeddable":true,"href":"https:\/\/www.bahiananoticias.com.br\/v1\/wp-json\/wp\/v2\/categories?post=542"},{"taxonomy":"post_tag","embeddable":true,"href":"https:\/\/www.bahiananoticias.com.br\/v1\/wp-json\/wp\/v2\/tags?post=542"}],"curies":[{"name":"wp","href":"https:\/\/api.w.org\/{rel}","templated":true}]}}