{"id":530,"date":"2020-09-25T08:57:28","date_gmt":"2020-09-25T11:57:28","guid":{"rendered":"https:\/\/www.bahiananoticias.com.br\/v1\/?p=530"},"modified":"2020-09-25T08:57:28","modified_gmt":"2020-09-25T11:57:28","slug":"rui-costa-cumpre-agenda-em-porto-seguro-e-eunapolis-nesta-sexta-feira-25","status":"publish","type":"post","link":"https:\/\/www.bahiananoticias.com.br\/v1\/2020\/09\/25\/rui-costa-cumpre-agenda-em-porto-seguro-e-eunapolis-nesta-sexta-feira-25\/","title":{"rendered":"RUI COSTA CUMPRE AGENDA EM PORTO SEGURO E EUN\u00c1POLIS NESTA SEXTA-FEIRA (25)"},"content":{"rendered":"<div id=\"attachment_531\" style=\"width: 403px\" class=\"wp-caption aligncenter\"><img aria-describedby=\"caption-attachment-531\" decoding=\"async\" loading=\"lazy\" class=\" wp-image-531\" src=\"https:\/\/www.bahiananoticias.com.br\/v1\/wp-content\/uploads\/2020\/09\/Governador-Rui-Costa-.jpg\" alt=\"\" width=\"393\" height=\"262\" srcset=\"https:\/\/www.bahiananoticias.com.br\/v1\/wp-content\/uploads\/2020\/09\/Governador-Rui-Costa-.jpg 570w, https:\/\/www.bahiananoticias.com.br\/v1\/wp-content\/uploads\/2020\/09\/Governador-Rui-Costa--300x200.jpg 300w\" sizes=\"(max-width: 393px) 100vw, 393px\" \/><p id=\"caption-attachment-531\" class=\"wp-caption-text\">Governador Rui Costa<\/p><\/div>\n<p>O governador do Estado Rui Costa cumpre agenda hoje no extremo-sul do Estado. A programa\u00e7\u00e3o come\u00e7a \u00e0s 9h30, em Porto Seguro, onde vai entregar obras da pavimenta\u00e7\u00e3o da Avenida Airton Senna (Rua da Linha) e da Rua Vald\u00edvio Costa, no Bairro Cambolo. O servi\u00e7o foi realizado pela Companhia de Desenvolvimento Urbano da Bahia (Conder), vinculada \u00e0 Secretaria de Desenvolvimento Urbano do estado. Al\u00e9m disso, Rui participa da inaugura\u00e7\u00e3o de uma creche no bairro Paraguai e da assinatura de ordem de servi\u00e7o para constru\u00e7\u00e3o e reforma de pra\u00e7as p\u00fablicas.<\/p>\n<p>Logo ap\u00f3s, o governado e comitiva segue para Eun\u00e1polis, onde \u00e0s 10h30,\u00a0vai vistoriar o trabalho de constru\u00e7\u00e3o da Policl\u00ednica Regional, coordenado pela Secretaria de Sa\u00fade do Estado. No munic\u00edpio, o governador participa ainda da inaugura\u00e7\u00e3o de uma creche, do Complexo Esportivo Itamar Seixas e da Pra\u00e7a do Esporte e Cultura.<\/p>\n<p>&nbsp;<\/p>\n","protected":false},"excerpt":{"rendered":"<p>O governador do Estado Rui Costa cumpre agenda hoje no extremo-sul do Estado. A programa\u00e7\u00e3o come\u00e7a \u00e0s 9h30, em Porto Seguro, onde vai entregar obras da pavimenta\u00e7\u00e3o da Avenida Airton Senna (Rua da Linha) e da Rua Vald\u00edvio Costa, no Bairro Cambolo. O servi\u00e7o foi realizado pela Companhia de Desenvolvimento Urbano da Bahia (Conder), vinculada [&hellip;]<\/p>\n","protected":false},"author":2,"featured_media":531,"comment_status":"closed","ping_status":"closed","sticky":false,"template":"","format":"standard","meta":{"_links_to":"","_links_to_target":""},"categories":[11],"tags":[45,53,54,52],"views":465,"_links":{"self":[{"href":"https:\/\/www.bahiananoticias.com.br\/v1\/wp-json\/wp\/v2\/posts\/530"}],"collection":[{"href":"https:\/\/www.bahiananoticias.com.br\/v1\/wp-json\/wp\/v2\/posts"}],"about":[{"href":"https:\/\/www.bahiananoticias.com.br\/v1\/wp-json\/wp\/v2\/types\/post"}],"author":[{"embeddable":true,"href":"https:\/\/www.bahiananoticias.com.br\/v1\/wp-json\/wp\/v2\/users\/2"}],"replies":[{"embeddable":true,"href":"https:\/\/www.bahiananoticias.com.br\/v1\/wp-json\/wp\/v2\/comments?post=530"}],"version-history":[{"count":1,"href":"https:\/\/www.bahiananoticias.com.br\/v1\/wp-json\/wp\/v2\/posts\/530\/revisions"}],"predecessor-version":[{"id":532,"href":"https:\/\/www.bahiananoticias.com.br\/v1\/wp-json\/wp\/v2\/posts\/530\/revisions\/532"}],"wp:featuredmedia":[{"embeddable":true,"href":"https:\/\/www.bahiananoticias.com.br\/v1\/wp-json\/wp\/v2\/media\/531"}],"wp:attachment":[{"href":"https:\/\/www.bahiananoticias.com.br\/v1\/wp-json\/wp\/v2\/media?parent=530"}],"wp:term":[{"taxonomy":"category","embeddable":true,"href":"https:\/\/www.bahiananoticias.com.br\/v1\/wp-json\/wp\/v2\/categories?post=530"},{"taxonomy":"post_tag","embeddable":true,"href":"https:\/\/www.bahiananoticias.com.br\/v1\/wp-json\/wp\/v2\/tags?post=530"}],"curies":[{"name":"wp","href":"https:\/\/api.w.org\/{rel}","templated":true}]}}