{"id":525,"date":"2020-09-25T08:42:50","date_gmt":"2020-09-25T11:42:50","guid":{"rendered":"https:\/\/www.bahiananoticias.com.br\/v1\/?p=525"},"modified":"2020-09-25T08:42:50","modified_gmt":"2020-09-25T11:42:50","slug":"candidato-a-vereador-de-minas-gerais-e-assassinado-durante-live-suspeito-e-o-irmao-do-prefeito","status":"publish","type":"post","link":"https:\/\/www.bahiananoticias.com.br\/v1\/2020\/09\/25\/candidato-a-vereador-de-minas-gerais-e-assassinado-durante-live-suspeito-e-o-irmao-do-prefeito\/","title":{"rendered":"CANDIDATO A VEREADOR DE MINAS GERAIS \u00c9 ASSASSINADO DURANTE LIVE, SUSPEITO \u00c9 O IRM\u00c3O DO PREFEITO"},"content":{"rendered":"<div id=\"attachment_526\" style=\"width: 432px\" class=\"wp-caption aligncenter\"><img aria-describedby=\"caption-attachment-526\" decoding=\"async\" loading=\"lazy\" class=\" wp-image-526\" src=\"https:\/\/www.bahiananoticias.com.br\/v1\/wp-content\/uploads\/2020\/09\/vereadormg-696x413.jpg\" alt=\"\" width=\"422\" height=\"250\" srcset=\"https:\/\/www.bahiananoticias.com.br\/v1\/wp-content\/uploads\/2020\/09\/vereadormg-696x413.jpg 570w, https:\/\/www.bahiananoticias.com.br\/v1\/wp-content\/uploads\/2020\/09\/vereadormg-696x413-300x178.jpg 300w\" sizes=\"(max-width: 422px) 100vw, 422px\" \/><p id=\"caption-attachment-526\" class=\"wp-caption-text\">Vereador de Minas \u00e9 morto em live<\/p><\/div>\n<p>O ex-presidente da C\u00e2mara Municipal de Patroc\u00ednio (MG) e pr\u00e9-candidato a vereador, Cassio Remis (PSDB), foi assassinado na tarde desta quinta-feira (24) enquanto fazia uma transmiss\u00e3o ao vivo em suas redes sociais.<\/p>\n<p>O tucano denunciava que a prefeitura estaria fazendo uma reforma no local onde seria o comit\u00ea eleitoral do atual prefeito da cidade, Deir\u00f3 Marra (DEM), que \u00e9 candidato \u00e0 reelei\u00e7\u00e3o, quando foi surpreendido pela chegada do secret\u00e1rio de Obras da cidade, Jorge Marra, irm\u00e3o de Deir\u00f3.<\/p>\n<div class=\"code-block code-block-default code-block-32 ai-viewport-3\">\n<div class=\"\">\u201cAqui, agora chegando o secret\u00e1rio para me agredir\u201d. Essas foram as \u00faltimas palavras de Remis antes da transmiss\u00e3o ser interrompida.<\/div>\n<\/div>\n<p>De acordo com a Pol\u00edcia Militar, o secret\u00e1rio de Obras tomou o celular do tucano e entrou em um carro. Remis, ent\u00e3o, teria ido atr\u00e1s do ve\u00edculo para pedir seu celular de volta e, neste momento, o \u201cautor sacou um rev\u00f3lver e efetuou disparos contra a v\u00edtima\u201d, informou o tenente-coronel Caixeta, que atendeu a ocorr\u00eancia.<\/p>\n<p>A Pol\u00edcia Militar ainda procura por Jorge Marra, o secret\u00e1rio de Obras apontado como autor dos disparos.<\/p>\n<p>O prefeito de Patroc\u00ednio, irm\u00e3o do secret\u00e1rio, por sua vez, disse em coletiva de imprensa que n\u00e3o sabe do paradeiro do irm\u00e3o e nem tem conhecimento sobre a motiva\u00e7\u00e3o do crime, e que est\u00e1 \u201cconsternado\u201d com o ocorrido.<\/p>\n<p>\u201cQuero inicialmente dizer que n\u00f3s estamos, de forma muito consternada, com tudo que aconteceu, com dor e com muito pesar que a gente percebe isso. Lamentamos tudo que aconteceu e essa sequ\u00eancia de fatos absolutamente injustific\u00e1veis, que culminaram na morte do vereador C\u00e1ssio Remis por disparo de armas de fogo, infelizmente pelas m\u00e3os do meu irm\u00e3o, Jorge Marra. Esperamos que todos os fatos sejam elucidados e apurados de forma transparente pelas pol\u00edcias, com a mais absoluta isen\u00e7\u00e3o de tudo isso. \u00c9 um fato que choca todos n\u00f3s. Digo aqui que todas minhas diferen\u00e7as de campo pol\u00edtico sempre foram resolvidas atrav\u00e9s do debate, jamais tive qualquer atitude fora desse campo. Infelizmente n\u00e3o conhe\u00e7o e n\u00e3o sei de nenhum fato e de nenhuma a\u00e7\u00e3o que culminou nessa trag\u00e9dia, mas posso aqui externar minhas condol\u00eancias \u00e0 fam\u00edlia do vereador C\u00e1ssio Remis. Em considera\u00e7\u00e3o ao posto que ele ocupou e sua trajet\u00f3ria estamos decretando luto oficial por tr\u00eas dias\u201d, afirmou o mandat\u00e1rio municipal.<\/p>\n<p><a href=\"https:\/\/www.facebook.com\/1444648442435760\/videos\/353582525790477\/?__so__=channel_tab&amp;__rv__=all_videos_card\">Confira o v\u00eddeo que antecedeu o assassinato<\/a><\/p>\n","protected":false},"excerpt":{"rendered":"<p>O ex-presidente da C\u00e2mara Municipal de Patroc\u00ednio (MG) e pr\u00e9-candidato a vereador, Cassio Remis (PSDB), foi assassinado na tarde desta quinta-feira (24) enquanto fazia uma transmiss\u00e3o ao vivo em suas redes sociais. O tucano denunciava que a prefeitura estaria fazendo uma reforma no local onde seria o comit\u00ea eleitoral do atual prefeito da cidade, Deir\u00f3 [&hellip;]<\/p>\n","protected":false},"author":2,"featured_media":526,"comment_status":"closed","ping_status":"closed","sticky":false,"template":"","format":"standard","meta":{"_links_to":"","_links_to_target":""},"categories":[9,8,10],"tags":[43,39,49],"views":578,"_links":{"self":[{"href":"https:\/\/www.bahiananoticias.com.br\/v1\/wp-json\/wp\/v2\/posts\/525"}],"collection":[{"href":"https:\/\/www.bahiananoticias.com.br\/v1\/wp-json\/wp\/v2\/posts"}],"about":[{"href":"https:\/\/www.bahiananoticias.com.br\/v1\/wp-json\/wp\/v2\/types\/post"}],"author":[{"embeddable":true,"href":"https:\/\/www.bahiananoticias.com.br\/v1\/wp-json\/wp\/v2\/users\/2"}],"replies":[{"embeddable":true,"href":"https:\/\/www.bahiananoticias.com.br\/v1\/wp-json\/wp\/v2\/comments?post=525"}],"version-history":[{"count":2,"href":"https:\/\/www.bahiananoticias.com.br\/v1\/wp-json\/wp\/v2\/posts\/525\/revisions"}],"predecessor-version":[{"id":529,"href":"https:\/\/www.bahiananoticias.com.br\/v1\/wp-json\/wp\/v2\/posts\/525\/revisions\/529"}],"wp:featuredmedia":[{"embeddable":true,"href":"https:\/\/www.bahiananoticias.com.br\/v1\/wp-json\/wp\/v2\/media\/526"}],"wp:attachment":[{"href":"https:\/\/www.bahiananoticias.com.br\/v1\/wp-json\/wp\/v2\/media?parent=525"}],"wp:term":[{"taxonomy":"category","embeddable":true,"href":"https:\/\/www.bahiananoticias.com.br\/v1\/wp-json\/wp\/v2\/categories?post=525"},{"taxonomy":"post_tag","embeddable":true,"href":"https:\/\/www.bahiananoticias.com.br\/v1\/wp-json\/wp\/v2\/tags?post=525"}],"curies":[{"name":"wp","href":"https:\/\/api.w.org\/{rel}","templated":true}]}}