{"id":4714,"date":"2021-03-18T13:00:06","date_gmt":"2021-03-18T16:00:06","guid":{"rendered":"https:\/\/www.bahiananoticias.com.br\/v1\/?p=4714"},"modified":"2021-03-18T13:39:23","modified_gmt":"2021-03-18T16:39:23","slug":"comercio-de-itabuna-nao-funcionara-nesse-final-de-semana","status":"publish","type":"post","link":"https:\/\/www.bahiananoticias.com.br\/v1\/2021\/03\/18\/comercio-de-itabuna-nao-funcionara-nesse-final-de-semana\/","title":{"rendered":"COM\u00c9RCIO DE ITABUNA N\u00c3O FUNCIONAR\u00c1 NESSE FINAL DE SEMANA"},"content":{"rendered":"<div id=\"attachment_3858\" style=\"width: 490px\" class=\"wp-caption aligncenter\"><img aria-describedby=\"caption-attachment-3858\" decoding=\"async\" loading=\"lazy\" class=\"size-full wp-image-3858\" src=\"https:\/\/www.bahiananoticias.com.br\/v1\/wp-content\/uploads\/2021\/02\/comercio-de-itabuna-ficara-fechado-por-mais-15-dias-1280-048c9bf7-e1593178834546.jpg\" alt=\"\" width=\"480\" height=\"270\" srcset=\"https:\/\/www.bahiananoticias.com.br\/v1\/wp-content\/uploads\/2021\/02\/comercio-de-itabuna-ficara-fechado-por-mais-15-dias-1280-048c9bf7-e1593178834546.jpg 480w, https:\/\/www.bahiananoticias.com.br\/v1\/wp-content\/uploads\/2021\/02\/comercio-de-itabuna-ficara-fechado-por-mais-15-dias-1280-048c9bf7-e1593178834546-300x169.jpg 300w\" sizes=\"(max-width: 480px) 100vw, 480px\" \/><p id=\"caption-attachment-3858\" class=\"wp-caption-text\">Centro comercial de Itabuna.<\/p><\/div>\n<p>O prefeito de Itabuna, Augusto Castro (PSD), atualizou \u00e0s medidas restritas no enfrentamento a covid-19.<\/p>\n<p>Do dia 19 at\u00e9 o dia 22 de mar\u00e7o, fica autorizado somente o funcionamento dos servi\u00e7os essenciais, prioritariamente as atividades relacionadas \u00e0 Sa\u00fade, comercializa\u00e7\u00e3o de g\u00eaneros aliment\u00edcios, feiras livres (limitada, exclusivamente, \u00e0 comercializa\u00e7\u00e3o de g\u00eaneros aliment\u00edcios), al\u00e9m da seguran\u00e7a, transporte e servi\u00e7o de entrega de medicamentos e demais insumos necess\u00e1rios para a manuten\u00e7\u00e3o das atividades de Sa\u00fade, as obras em hospitais e a constru\u00e7\u00e3o de unidades de sa\u00fade, bem como as atividades de urg\u00eancia e emerg\u00eancia.<\/p>\n<p>S\u00e3o considerados servi\u00e7os essenciais: cl\u00ednicas m\u00e9dicas, de fisioterapia; consult\u00f3rios odontol\u00f3gicos; farm\u00e1cias; postos de combust\u00edvel; borracharias; oficinas mec\u00e2nicas; ind\u00fastrias; empresas de constru\u00e7\u00e3o civil; transporte coletivo; servi\u00e7os funer\u00e1rios; supermercados; mercados; mercearias; hortifrutis, granjeiros; padarias; a\u00e7ougues; abatedouros de aves; peixarias; centrais de abastecimento; revendas de g\u00e1s e \u00e1gua; casas lot\u00e9ricas; casas de materiais para constru\u00e7\u00e3o; casas de produtos agropecu\u00e1rios; cl\u00ednicas e estabelecimentos de produtos veterin\u00e1rios; servi\u00e7os de telecomunica\u00e7\u00f5es e internet; servi\u00e7os de radiodifus\u00e3o sonora e de sons e imagens.<\/p>\n<p>Bebidas, academias e cultos \u2013 Em todo o territ\u00f3rio de Itabuna, fica vedada a comercializa\u00e7\u00e3o de bebida alco\u00f3lica em quaisquer estabelecimentos, inclusive por sistema de entrega em domic\u00edlio (delivery), das 18 h do dia 18 at\u00e9 as 5 horas do dia 22. Tamb\u00e9m est\u00e1 proibida a pr\u00e1tica de quaisquer atividades esportivas coletivas amadoras do dia 16 de mar\u00e7o ao dia 1\u00b0 de abril de 2021, sendo permitidas as pr\u00e1ticas individuais, desde que n\u00e3o gerem aglomera\u00e7\u00f5es.<!--more--><\/p>\n<p>Fica vedado o funcionamento de academias e estabelecimentos voltados para a realiza\u00e7\u00e3o de atividades f\u00edsicas, do dia 17 de mar\u00e7o at\u00e9 as 5 h de 22.<\/p>\n<p>Fica proibida a realiza\u00e7\u00e3o ou execu\u00e7\u00e3o de atividades desportivas, aulas de dan\u00e7a e gin\u00e1stica, que promovam contato f\u00edsico. Tamb\u00e9m ficam suspensos eventos e atividades, independentemente do n\u00famero de participantes, ainda que previamente autorizados, que envolvam aglomera\u00e7\u00e3o de pessoas.<\/p>\n","protected":false},"excerpt":{"rendered":"<p>O prefeito de Itabuna, Augusto Castro (PSD), atualizou \u00e0s medidas restritas no enfrentamento a covid-19. Do dia 19 at\u00e9 o dia 22 de mar\u00e7o, fica autorizado somente o funcionamento dos servi\u00e7os essenciais, prioritariamente as atividades relacionadas \u00e0 Sa\u00fade, comercializa\u00e7\u00e3o de g\u00eaneros aliment\u00edcios, feiras livres (limitada, exclusivamente, \u00e0 comercializa\u00e7\u00e3o de g\u00eaneros aliment\u00edcios), al\u00e9m da seguran\u00e7a, transporte [&hellip;]<\/p>\n","protected":false},"author":2,"featured_media":3858,"comment_status":"closed","ping_status":"closed","sticky":false,"template":"","format":"standard","meta":{"_links_to":"","_links_to_target":""},"categories":[35],"tags":[],"views":433,"_links":{"self":[{"href":"https:\/\/www.bahiananoticias.com.br\/v1\/wp-json\/wp\/v2\/posts\/4714"}],"collection":[{"href":"https:\/\/www.bahiananoticias.com.br\/v1\/wp-json\/wp\/v2\/posts"}],"about":[{"href":"https:\/\/www.bahiananoticias.com.br\/v1\/wp-json\/wp\/v2\/types\/post"}],"author":[{"embeddable":true,"href":"https:\/\/www.bahiananoticias.com.br\/v1\/wp-json\/wp\/v2\/users\/2"}],"replies":[{"embeddable":true,"href":"https:\/\/www.bahiananoticias.com.br\/v1\/wp-json\/wp\/v2\/comments?post=4714"}],"version-history":[{"count":3,"href":"https:\/\/www.bahiananoticias.com.br\/v1\/wp-json\/wp\/v2\/posts\/4714\/revisions"}],"predecessor-version":[{"id":4731,"href":"https:\/\/www.bahiananoticias.com.br\/v1\/wp-json\/wp\/v2\/posts\/4714\/revisions\/4731"}],"wp:featuredmedia":[{"embeddable":true,"href":"https:\/\/www.bahiananoticias.com.br\/v1\/wp-json\/wp\/v2\/media\/3858"}],"wp:attachment":[{"href":"https:\/\/www.bahiananoticias.com.br\/v1\/wp-json\/wp\/v2\/media?parent=4714"}],"wp:term":[{"taxonomy":"category","embeddable":true,"href":"https:\/\/www.bahiananoticias.com.br\/v1\/wp-json\/wp\/v2\/categories?post=4714"},{"taxonomy":"post_tag","embeddable":true,"href":"https:\/\/www.bahiananoticias.com.br\/v1\/wp-json\/wp\/v2\/tags?post=4714"}],"curies":[{"name":"wp","href":"https:\/\/api.w.org\/{rel}","templated":true}]}}