{"id":439,"date":"2020-09-22T11:38:04","date_gmt":"2020-09-22T14:38:04","guid":{"rendered":"https:\/\/www.bahiananoticias.com.br\/v1\/?p=439"},"modified":"2020-09-22T11:55:11","modified_gmt":"2020-09-22T14:55:11","slug":"nascidos-em-agosto-recebem-5a-parcela-do-auxilio-nesta-quarta-feira-23","status":"publish","type":"post","link":"https:\/\/www.bahiananoticias.com.br\/v1\/2020\/09\/22\/nascidos-em-agosto-recebem-5a-parcela-do-auxilio-nesta-quarta-feira-23\/","title":{"rendered":"NASCIDOS EM AGOSTO RECEBEM 5\u00aa  PARCELA DE 600 NESTA QUARTA (23)"},"content":{"rendered":"<div id=\"attachment_441\" style=\"width: 580px\" class=\"wp-caption aligncenter\"><img aria-describedby=\"caption-attachment-441\" decoding=\"async\" loading=\"lazy\" class=\"size-full wp-image-441\" src=\"https:\/\/www.bahiananoticias.com.br\/v1\/wp-content\/uploads\/2020\/09\/auxilio-emergencial.jpg\" alt=\"\" width=\"570\" height=\"369\" srcset=\"https:\/\/www.bahiananoticias.com.br\/v1\/wp-content\/uploads\/2020\/09\/auxilio-emergencial.jpg 570w, https:\/\/www.bahiananoticias.com.br\/v1\/wp-content\/uploads\/2020\/09\/auxilio-emergencial-300x194.jpg 300w\" sizes=\"(max-width: 570px) 100vw, 570px\" \/><p id=\"caption-attachment-441\" class=\"wp-caption-text\">5\u00aa Parcela de 600,00 reais, amanh\u00e3 na conta dos nascidos em Agosto.<\/p><\/div>\n<p>Os brasileiros nascidos em agosto que aguardam o pagamento da 5\u00aa parcela do aux\u00edlio emergencial receber\u00e3o os R$ 600 nesta quarta-feira ,23. O valor ser\u00e1 depositado na conta digital da Caixa Econ\u00f4mica Federal\u00a0 para movimenta\u00e7\u00e3o pelo aplicativo.<\/p>\n<p>Para aqueles que aguardam as parcelas anteriores, por terem sido aprovados no programa depois de abril, o valor tamb\u00e9m ser\u00e1 creditado. Isso vale para quem deve receber entre a primeira e quarta presta\u00e7\u00e3o e nasceu no m\u00eas de agosto. Esses benefici\u00e1rios poder\u00e3o sacar o aux\u00edlio no dia 13 de outubro<\/p>\n<p>Em rela\u00e7\u00e3o \u00e0 nova parcela de R$ 300 do aux\u00edlio emergencial, que ser\u00e1 o 6\u00aa pagamento para alguns brasileiros, j\u00e1 est\u00e1 liberada para os benefici\u00e1rios do Bolsa Fam\u00edlia. Essas pessoas foram as primeiras contempladas com os pagamentos. O Minist\u00e9rio da Cidadania ainda n\u00e3o divulgou o calend\u00e1rio para os outros benefici\u00e1rios.<\/p>\n<p>&nbsp;<\/p>\n","protected":false},"excerpt":{"rendered":"<p>Os brasileiros nascidos em agosto que aguardam o pagamento da 5\u00aa parcela do aux\u00edlio emergencial receber\u00e3o os R$ 600 nesta quarta-feira ,23. O valor ser\u00e1 depositado na conta digital da Caixa Econ\u00f4mica Federal\u00a0 para movimenta\u00e7\u00e3o pelo aplicativo. Para aqueles que aguardam as parcelas anteriores, por terem sido aprovados no programa depois de abril, o valor [&hellip;]<\/p>\n","protected":false},"author":2,"featured_media":441,"comment_status":"closed","ping_status":"closed","sticky":false,"template":"","format":"standard","meta":{"_links_to":"","_links_to_target":""},"categories":[11,9,1],"tags":[48,45,37,47,38],"views":550,"_links":{"self":[{"href":"https:\/\/www.bahiananoticias.com.br\/v1\/wp-json\/wp\/v2\/posts\/439"}],"collection":[{"href":"https:\/\/www.bahiananoticias.com.br\/v1\/wp-json\/wp\/v2\/posts"}],"about":[{"href":"https:\/\/www.bahiananoticias.com.br\/v1\/wp-json\/wp\/v2\/types\/post"}],"author":[{"embeddable":true,"href":"https:\/\/www.bahiananoticias.com.br\/v1\/wp-json\/wp\/v2\/users\/2"}],"replies":[{"embeddable":true,"href":"https:\/\/www.bahiananoticias.com.br\/v1\/wp-json\/wp\/v2\/comments?post=439"}],"version-history":[{"count":3,"href":"https:\/\/www.bahiananoticias.com.br\/v1\/wp-json\/wp\/v2\/posts\/439\/revisions"}],"predecessor-version":[{"id":447,"href":"https:\/\/www.bahiananoticias.com.br\/v1\/wp-json\/wp\/v2\/posts\/439\/revisions\/447"}],"wp:featuredmedia":[{"embeddable":true,"href":"https:\/\/www.bahiananoticias.com.br\/v1\/wp-json\/wp\/v2\/media\/441"}],"wp:attachment":[{"href":"https:\/\/www.bahiananoticias.com.br\/v1\/wp-json\/wp\/v2\/media?parent=439"}],"wp:term":[{"taxonomy":"category","embeddable":true,"href":"https:\/\/www.bahiananoticias.com.br\/v1\/wp-json\/wp\/v2\/categories?post=439"},{"taxonomy":"post_tag","embeddable":true,"href":"https:\/\/www.bahiananoticias.com.br\/v1\/wp-json\/wp\/v2\/tags?post=439"}],"curies":[{"name":"wp","href":"https:\/\/api.w.org\/{rel}","templated":true}]}}