{"id":4082,"date":"2021-02-23T15:21:26","date_gmt":"2021-02-23T18:21:26","guid":{"rendered":"https:\/\/www.bahiananoticias.com.br\/v1\/?p=4082"},"modified":"2021-02-23T15:21:26","modified_gmt":"2021-02-23T18:21:26","slug":"secretario-fabio-vilas-boas-e-transferido-para-uti","status":"publish","type":"post","link":"https:\/\/www.bahiananoticias.com.br\/v1\/2021\/02\/23\/secretario-fabio-vilas-boas-e-transferido-para-uti\/","title":{"rendered":"SECRET\u00c1RIO F\u00c1BIO VILAS-BOAS \u00c9 TRANSFERIDO PARA UTI"},"content":{"rendered":"<div id=\"attachment_4083\" style=\"width: 430px\" class=\"wp-caption aligncenter\"><img aria-describedby=\"caption-attachment-4083\" decoding=\"async\" loading=\"lazy\" class=\"wp-image-4083 size-full\" src=\"https:\/\/www.bahiananoticias.com.br\/v1\/wp-content\/uploads\/2021\/02\/csm_fabiovilasboasinternado_be8ccb4f62.jpeg\" alt=\"\" width=\"420\" height=\"223\" srcset=\"https:\/\/www.bahiananoticias.com.br\/v1\/wp-content\/uploads\/2021\/02\/csm_fabiovilasboasinternado_be8ccb4f62.jpeg 420w, https:\/\/www.bahiananoticias.com.br\/v1\/wp-content\/uploads\/2021\/02\/csm_fabiovilasboasinternado_be8ccb4f62-300x159.jpeg 300w\" sizes=\"(max-width: 420px) 100vw, 420px\" \/><p id=\"caption-attachment-4083\" class=\"wp-caption-text\">Transfer\u00eancia aconteceu na noite de segunda-feira (22).<\/p><\/div>\n<div class=\"mc-column content-text active-extra-styles \" data-block-type=\"unstyled\" data-block-weight=\"37\" data-block-id=\"2\">\n<p class=\"content-text__container \" data-track-category=\"Link no Texto\" data-track-links=\"\">O secret\u00e1rio da Sa\u00fade da Bahia, F\u00e1bio Vilas-Boas, que est\u00e1 internado com Covid-19, teve piora no quadro cl\u00ednico e precisou ser transferido para uma Unidade de Terapia Intensiva (UTI). A transfer\u00eancia aconteceu na noite de segunda-feira (22).<\/p>\n<\/div>\n<div class=\"wall protected-content\">\n<div class=\"mc-column content-text active-extra-styles \" data-block-type=\"unstyled\" data-block-weight=\"46\" data-block-id=\"3\">\n<p class=\"content-text__container \" data-track-category=\"Link no Texto\" data-track-links=\"\">De acordo com a Secretaria da Sa\u00fade do Estado da Bahia (Sesab), ele segue no Hospital Alian\u00e7a, evoluiu bem durante a noite, e a previs\u00e3o \u00e9 de que retorne ao leito cl\u00ednico ainda nesta ter\u00e7a-feira (23). A Sesab disse ainda que Vilas-Boas segue usando o oxig\u00eanio.<\/p>\n<p data-track-category=\"Link no Texto\" data-track-links=\"\">O secret\u00e1rio, que tamb\u00e9m \u00e9 m\u00e9dico, est\u00e1 sendo acompanhado pelo pneumologista S\u00e9rgio Jezler e pelo infectologista Roberto Badar\u00f3. Ainda n\u00e3o h\u00e1 previs\u00e3o de alta.<\/p>\n<\/div>\n<\/div>\n<p><!--more--><\/p>\n<p>Vilas-Boas\u00a0testou positivo para o coronav\u00edrus no dia 16\u00a0e\u00a0<a href=\"https:\/\/g1.globo.com\/ba\/bahia\/noticia\/2021\/02\/19\/apos-testar-positivo-para-covid-19-secretario-de-saude-da-bahia-e-internado.ghtml\">foi internad<\/a>o<a href=\"https:\/\/g1.globo.com\/ba\/bahia\/noticia\/2021\/02\/19\/apos-testar-positivo-para-covid-19-secretario-de-saude-da-bahia-e-internado.ghtml\"> no dia 19<\/a>. No dia 18, ele informou que fez uma tomografia de t\u00f3rax e que 25% dos pulm\u00f5es est\u00e3o sendo acometidos por m\u00faltiplas \u00e1reas de pneumonia.<\/p>\n","protected":false},"excerpt":{"rendered":"<p>O secret\u00e1rio da Sa\u00fade da Bahia, F\u00e1bio Vilas-Boas, que est\u00e1 internado com Covid-19, teve piora no quadro cl\u00ednico e precisou ser transferido para uma Unidade de Terapia Intensiva (UTI). A transfer\u00eancia aconteceu na noite de segunda-feira (22). De acordo com a Secretaria da Sa\u00fade do Estado da Bahia (Sesab), ele segue no Hospital Alian\u00e7a, evoluiu [&hellip;]<\/p>\n","protected":false},"author":2,"featured_media":4083,"comment_status":"closed","ping_status":"closed","sticky":false,"template":"","format":"standard","meta":{"_links_to":"","_links_to_target":""},"categories":[11],"tags":[],"views":422,"_links":{"self":[{"href":"https:\/\/www.bahiananoticias.com.br\/v1\/wp-json\/wp\/v2\/posts\/4082"}],"collection":[{"href":"https:\/\/www.bahiananoticias.com.br\/v1\/wp-json\/wp\/v2\/posts"}],"about":[{"href":"https:\/\/www.bahiananoticias.com.br\/v1\/wp-json\/wp\/v2\/types\/post"}],"author":[{"embeddable":true,"href":"https:\/\/www.bahiananoticias.com.br\/v1\/wp-json\/wp\/v2\/users\/2"}],"replies":[{"embeddable":true,"href":"https:\/\/www.bahiananoticias.com.br\/v1\/wp-json\/wp\/v2\/comments?post=4082"}],"version-history":[{"count":1,"href":"https:\/\/www.bahiananoticias.com.br\/v1\/wp-json\/wp\/v2\/posts\/4082\/revisions"}],"predecessor-version":[{"id":4084,"href":"https:\/\/www.bahiananoticias.com.br\/v1\/wp-json\/wp\/v2\/posts\/4082\/revisions\/4084"}],"wp:featuredmedia":[{"embeddable":true,"href":"https:\/\/www.bahiananoticias.com.br\/v1\/wp-json\/wp\/v2\/media\/4083"}],"wp:attachment":[{"href":"https:\/\/www.bahiananoticias.com.br\/v1\/wp-json\/wp\/v2\/media?parent=4082"}],"wp:term":[{"taxonomy":"category","embeddable":true,"href":"https:\/\/www.bahiananoticias.com.br\/v1\/wp-json\/wp\/v2\/categories?post=4082"},{"taxonomy":"post_tag","embeddable":true,"href":"https:\/\/www.bahiananoticias.com.br\/v1\/wp-json\/wp\/v2\/tags?post=4082"}],"curies":[{"name":"wp","href":"https:\/\/api.w.org\/{rel}","templated":true}]}}