{"id":4053,"date":"2021-02-23T10:08:52","date_gmt":"2021-02-23T13:08:52","guid":{"rendered":"https:\/\/www.bahiananoticias.com.br\/v1\/?p=4053"},"modified":"2021-02-23T10:08:52","modified_gmt":"2021-02-23T13:08:52","slug":"rui-costa-anuncia-reabertura-do-hospital-de-campanha-da-fonte-nova-nesta-sexta-feira-26","status":"publish","type":"post","link":"https:\/\/www.bahiananoticias.com.br\/v1\/2021\/02\/23\/rui-costa-anuncia-reabertura-do-hospital-de-campanha-da-fonte-nova-nesta-sexta-feira-26\/","title":{"rendered":"RUI COSTA ANUNCIA REABERTURA DO HOSPITAL DE CAMPANHA DA FONTE NOVA NESTA SEXTA-FEIRA (26)"},"content":{"rendered":"<div id=\"attachment_4054\" style=\"width: 580px\" class=\"wp-caption aligncenter\"><img aria-describedby=\"caption-attachment-4054\" decoding=\"async\" loading=\"lazy\" class=\"size-full wp-image-4054\" src=\"https:\/\/www.bahiananoticias.com.br\/v1\/wp-content\/uploads\/2021\/02\/103826rui-costa-anuncia-reabertura-do-hospital-de-campanha-da-fonte-nova-nesta-sexta-feira-3.jpg\" alt=\"\" width=\"570\" height=\"268\" srcset=\"https:\/\/www.bahiananoticias.com.br\/v1\/wp-content\/uploads\/2021\/02\/103826rui-costa-anuncia-reabertura-do-hospital-de-campanha-da-fonte-nova-nesta-sexta-feira-3.jpg 570w, https:\/\/www.bahiananoticias.com.br\/v1\/wp-content\/uploads\/2021\/02\/103826rui-costa-anuncia-reabertura-do-hospital-de-campanha-da-fonte-nova-nesta-sexta-feira-3-300x141.jpg 300w\" sizes=\"(max-width: 570px) 100vw, 570px\" \/><p id=\"caption-attachment-4054\" class=\"wp-caption-text\">Anteriormente, o governador da Bahia havia afirmado que os 80 leitos que ser\u00e3o reabertos s\u00e3o a \u00fanica reserva do estado.<\/p><\/div>\n<div class=\"desc-noticia\">\n<div class=\"corpo-noticia\">\n<p>O governador da Bahia Rui Costa (PT) anunciou na noite de ontem (22), em transmiss\u00e3o nas redes sociais, a reabertura do hospital de campanha na Fonte Nova nesta sexta-feira (26). A estrutura foi montada em junho, no pico da pandemia do coronav\u00edrus, e desativada em outubro. O seu retorno foi necess\u00e1rio por conta do grande aumento de casos da doen\u00e7a no estado.<\/p>\n<p>O hospital de campanha \u00e9 exclusivo para o tratamento da Covid-19 e contar\u00e1 com 10 leitos a mais do que na sua inaugura\u00e7\u00e3o. No total, ser\u00e3o 80: 50 de UTI\u00a0 e 30 de enfermaria. &#8220;Quando n\u00f3s fomos abrir a Fonte Nova, teremos a metade de leitos cl\u00ednicos. Essa nova fase est\u00e1 exigindo menos leitos cl\u00ednicos e mais leitos de UTI&#8221;, explicou o gestor. Respiradores ainda ser\u00e3o enviados pelo Minist\u00e9rio da Sa\u00fade.<\/p>\n<p>Anteriormente, o governador havia afirmado que a administra\u00e7\u00e3o n\u00e3o pretendia abrir o hospital de campanha na Fonte Nova, pois\u00a0s\u00e3o os \u00faltimos leitos dispon\u00edveis\u00a0e, depois, n\u00e3o haver\u00e1 mais. Assim, o sistema de sa\u00fade do estado corre o risco entrar em colapso.<\/p>\n<p>Segundo o boletim da Secretaria de Sa\u00fade do Estado da Bahia (Sesab) divulgado ontem (22), 63 pessoas morreram pelo v\u00edrus em 24 horas e a ocupa\u00e7\u00e3o dos leitos de UTI para o tratamento da infec\u00e7\u00e3o est\u00e1 em 80%.<\/p>\n<\/div>\n<\/div>\n","protected":false},"excerpt":{"rendered":"<p>O governador da Bahia Rui Costa (PT) anunciou na noite de ontem (22), em transmiss\u00e3o nas redes sociais, a reabertura do hospital de campanha na Fonte Nova nesta sexta-feira (26). A estrutura foi montada em junho, no pico da pandemia do coronav\u00edrus, e desativada em outubro. O seu retorno foi necess\u00e1rio por conta do grande [&hellip;]<\/p>\n","protected":false},"author":2,"featured_media":4054,"comment_status":"closed","ping_status":"closed","sticky":false,"template":"","format":"standard","meta":{"_links_to":"","_links_to_target":""},"categories":[11,2],"tags":[],"views":506,"_links":{"self":[{"href":"https:\/\/www.bahiananoticias.com.br\/v1\/wp-json\/wp\/v2\/posts\/4053"}],"collection":[{"href":"https:\/\/www.bahiananoticias.com.br\/v1\/wp-json\/wp\/v2\/posts"}],"about":[{"href":"https:\/\/www.bahiananoticias.com.br\/v1\/wp-json\/wp\/v2\/types\/post"}],"author":[{"embeddable":true,"href":"https:\/\/www.bahiananoticias.com.br\/v1\/wp-json\/wp\/v2\/users\/2"}],"replies":[{"embeddable":true,"href":"https:\/\/www.bahiananoticias.com.br\/v1\/wp-json\/wp\/v2\/comments?post=4053"}],"version-history":[{"count":1,"href":"https:\/\/www.bahiananoticias.com.br\/v1\/wp-json\/wp\/v2\/posts\/4053\/revisions"}],"predecessor-version":[{"id":4055,"href":"https:\/\/www.bahiananoticias.com.br\/v1\/wp-json\/wp\/v2\/posts\/4053\/revisions\/4055"}],"wp:featuredmedia":[{"embeddable":true,"href":"https:\/\/www.bahiananoticias.com.br\/v1\/wp-json\/wp\/v2\/media\/4054"}],"wp:attachment":[{"href":"https:\/\/www.bahiananoticias.com.br\/v1\/wp-json\/wp\/v2\/media?parent=4053"}],"wp:term":[{"taxonomy":"category","embeddable":true,"href":"https:\/\/www.bahiananoticias.com.br\/v1\/wp-json\/wp\/v2\/categories?post=4053"},{"taxonomy":"post_tag","embeddable":true,"href":"https:\/\/www.bahiananoticias.com.br\/v1\/wp-json\/wp\/v2\/tags?post=4053"}],"curies":[{"name":"wp","href":"https:\/\/api.w.org\/{rel}","templated":true}]}}