{"id":3966,"date":"2021-02-22T10:33:30","date_gmt":"2021-02-22T13:33:30","guid":{"rendered":"https:\/\/www.bahiananoticias.com.br\/v1\/?p=3966"},"modified":"2021-02-22T10:33:30","modified_gmt":"2021-02-22T13:33:30","slug":"a-partir-de-hoje-toque-de-recolher-comeca-as-20h","status":"publish","type":"post","link":"https:\/\/www.bahiananoticias.com.br\/v1\/2021\/02\/22\/a-partir-de-hoje-toque-de-recolher-comeca-as-20h\/","title":{"rendered":"A PARTIR DE HOJE, TOQUE DE RECOLHER COME\u00c7A \u00c0S 20H"},"content":{"rendered":"<div id=\"attachment_3875\" style=\"width: 580px\" class=\"wp-caption aligncenter\"><img aria-describedby=\"caption-attachment-3875\" decoding=\"async\" loading=\"lazy\" class=\"size-full wp-image-3875\" src=\"https:\/\/www.bahiananoticias.com.br\/v1\/wp-content\/uploads\/2021\/02\/rui-costa-868x644.jpeg\" alt=\"\" width=\"570\" height=\"423\" srcset=\"https:\/\/www.bahiananoticias.com.br\/v1\/wp-content\/uploads\/2021\/02\/rui-costa-868x644.jpeg 570w, https:\/\/www.bahiananoticias.com.br\/v1\/wp-content\/uploads\/2021\/02\/rui-costa-868x644-300x223.jpeg 300w\" sizes=\"(max-width: 570px) 100vw, 570px\" \/><p id=\"caption-attachment-3875\" class=\"wp-caption-text\">O atendimento presencial em bares e restaurantes \u00e9 permitido at\u00e9 as 18h; confira lista dos munic\u00edpios.<\/p><\/div>\n<p>A partir de hoje (22), a amplia\u00e7\u00e3o do hor\u00e1rio do toque de recolher decretada pelo governador da Bahia Rui Costa (PT) ontem (21) come\u00e7a a valer. Agora, a restri\u00e7\u00e3o inicia \u00e0s 20h e vai at\u00e9 as 5h em todos os mun\u00edcipios que fazem parte e os que foram inclu\u00eddos na medida, com exce\u00e7\u00e3o da regi\u00e3o Oeste. A validade do decreto foi estendida at\u00e9 o pr\u00f3ximo domingo (28).<\/p>\n<p>A partir de 20h, ent\u00e3o, est\u00e3o suspensas todas as atividades n\u00e3o essenciais e industriais. Al\u00e9m disso, o atendimento presencial em bares e restaurantes \u00e9 permitido at\u00e9 as 18h, o funcionamento do transporte metropolitano at\u00e9 20h30 e o delivery de alimentos at\u00e9 23h.<\/p>\n<p>A decis\u00e3o aconteceu ap\u00f3s o estado atingir a taxa de 80% de ocupa\u00e7\u00e3o dos leitos de Unidades de Terapia Intensiva (UTIs). Segundo Rui, a nova decis\u00e3o tem como objetivo evitar a evolu\u00e7\u00e3o da pandemia da Covid-19 no estado. \u201cMedidas visam conter avan\u00e7o do coronav\u00edrus. Estamos vivendo um momento extremamente grave e conto com a compreens\u00e3o de todos\u201d, escreveu.<!--more--><\/p>\n<p><strong>Confira abaixo a lista dos munic\u00edpios inclusos no decreto do toque de recolher:<\/strong><\/p>\n<ul>\n<li>Aba\u00edra<\/li>\n<li>Abar\u00e9<\/li>\n<li>Acajutiba<\/li>\n<li>Adustina<\/li>\n<li>\u00c1gua Fria<\/li>\n<li>Aiquara<\/li>\n<li>Alagoinhas<\/li>\n<li>Alcoba\u00e7a<\/li>\n<li>Almadina<\/li>\n<li>Amargosa<\/li>\n<li>Am\u00e9lia Rodrigues<\/li>\n<li>Anag\u00e9<\/li>\n<li>Andara\u00ed<\/li>\n<li>Andorinha<\/li>\n<li>Anguera<\/li>\n<li>Antas<\/li>\n<li>Ant\u00f4nio Cardoso<\/li>\n<li>Ant\u00f4nio Gon\u00e7alves<\/li>\n<li>Apor\u00e1<\/li>\n<li>Apuarema<\/li>\n<li>Ara\u00e7\u00e1s<\/li>\n<li>Aracatu<\/li>\n<li>Araci<\/li>\n<li>Aramari<\/li>\n<li>Arataca<\/li>\n<li>Aratu\u00edpe<\/li>\n<li>Aurelino Leal<\/li>\n<li>Baixa Grande<\/li>\n<li>Banza\u00ea<\/li>\n<li>Barra da Estiva<\/li>\n<li>Barra do Cho\u00e7a<\/li>\n<li>Barra do Rocha<\/li>\n<li>Barro Preto<\/li>\n<li>Barrocas<\/li>\n<li>Belmonte<\/li>\n<li>Belo Campo<\/li>\n<li>Biritinga<\/li>\n<li>Boa Nova<\/li>\n<li>Boa Vista do Tupim<\/li>\n<li>Bom Jesus da Serra<\/li>\n<li>Boninal<\/li>\n<li>Bonito<\/li>\n<li>Boquira<\/li>\n<li>Botupor\u00e3<\/li>\n<li>Brej\u00f5es<\/li>\n<li>Brumado<\/li>\n<li>Buerarema<\/li>\n<li>Caatiba<\/li>\n<li>Cabaceiras do Paragua\u00e7u<\/li>\n<li>Cachoeira<\/li>\n<li>Cacul\u00e9<\/li>\n<li>Caetanos<\/li>\n<li>Caetit\u00e9<\/li>\n<li>Cairu<\/li>\n<li>Camac\u00e3<\/li>\n<li>Cama\u00e7ari<\/li>\n<li>Camamu<\/li>\n<li>Campo Alegre de Lourdes<\/li>\n<li>Campo Formoso<\/li>\n<li>Canavieiras<\/li>\n<li>Candeal<\/li>\n<li>Candeias<\/li>\n<li>Candiba<\/li>\n<li>C\u00e2ndido Sales<\/li>\n<li>Cansan\u00e7\u00e3o<\/li>\n<li>Canudos<\/li>\n<li>Capela do Alto Alegre<\/li>\n<li>Cara\u00edbas<\/li>\n<li>Caravelas<\/li>\n<li>Cardeal da Silva<\/li>\n<li>Carinhanha<\/li>\n<li>Casa Nova<\/li>\n<li>Castro Alves<\/li>\n<li>Catu<\/li>\n<li>Caturama<\/li>\n<li>Chorroch\u00f3<\/li>\n<li>C\u00edcero Dantas<\/li>\n<li>Cip\u00f3<\/li>\n<li>Coaraci<\/li>\n<li>Concei\u00e7\u00e3o da Feira<\/li>\n<li>Concei\u00e7\u00e3o do Almeida<\/li>\n<li>Concei\u00e7\u00e3o do Coit\u00e9<\/li>\n<li>Concei\u00e7\u00e3o do Jacu\u00edpe<\/li>\n<li>Conde<\/li>\n<li>Conde\u00faba<\/li>\n<li>Contendas do Sincor\u00e1<\/li>\n<li>Cora\u00e7\u00e3o de Maria<\/li>\n<li>Cordeiros<\/li>\n<li>Coronel Jo\u00e3o S\u00e1<\/li>\n<li>Cravol\u00e2ndia<\/li>\n<li>Cris\u00f3polis<\/li>\n<li>Cruz das Almas<\/li>\n<li>Cura\u00e7\u00e1<\/li>\n<li>D\u00e1rio Meira<\/li>\n<li>Dias d\u2019\u00c1vila<\/li>\n<li>Dom Bas\u00edlio<\/li>\n<li>Dom Macedo Costa<\/li>\n<li>El\u00edsio Medrado<\/li>\n<li>Encruzilhada<\/li>\n<li>Entre Rios<\/li>\n<li>\u00c9rico Cardoso<\/li>\n<li>Esplanada<\/li>\n<li>Euclides da Cunha<\/li>\n<li>Eun\u00e1polis<\/li>\n<li>F\u00e1tima<\/li>\n<li>Feira da Mata<\/li>\n<li>Feira de Santana<\/li>\n<li>Filad\u00e9lfia<\/li>\n<li>Firmino Alves<\/li>\n<li>Floresta Azul<\/li>\n<li>Gandu<\/li>\n<li>Gavi\u00e3o<\/li>\n<li>Gl\u00f3ria<\/li>\n<li>Gongogi<\/li>\n<li>Governador Mangabeira<\/li>\n<li>Guajeru<\/li>\n<li>Guanambi<\/li>\n<li>Guaratinga<\/li>\n<li>Heli\u00f3polis<\/li>\n<li>Ia\u00e7u<\/li>\n<li>Ibiassuc\u00ea<\/li>\n<li>Ibicara\u00ed<\/li>\n<li>Ibicoara<\/li>\n<li>Ibicu\u00ed<\/li>\n<li>Ibipitanga<\/li>\n<li>Ibiquera<\/li>\n<li>Ibirapitanga<\/li>\n<li>Ibirapu\u00e3<\/li>\n<li>Ibirataia<\/li>\n<li>Ibitiara<\/li>\n<li>Ichu<\/li>\n<li>Igapor\u00e3<\/li>\n<li>Igrapi\u00fana<\/li>\n<li>Igua\u00ed<\/li>\n<li>Ilh\u00e9us<\/li>\n<li>Inhambupe<\/li>\n<li>Ipecaet\u00e1<\/li>\n<li>Ipia\u00fa<\/li>\n<li>Ipir\u00e1<\/li>\n<li>Irajuba<\/li>\n<li>Iramaia<\/li>\n<li>Iraquara<\/li>\n<li>Irar\u00e1<\/li>\n<li>Irec\u00ea<\/li>\n<li>Itabela<\/li>\n<li>Itaberaba<\/li>\n<li>Itabuna<\/li>\n<li>Itacar\u00e9<\/li>\n<li>Itaet\u00ea<\/li>\n<li>Itagi<\/li>\n<li>Itagib\u00e1<\/li>\n<li>Itagimirim<\/li>\n<li>Itaju do Col\u00f4nia<\/li>\n<li>Itaju\u00edpe<\/li>\n<li>Itamaraju<\/li>\n<li>Itamari<\/li>\n<li>Itamb\u00e9<\/li>\n<li>Itanagra<\/li>\n<li>Itanh\u00e9m<\/li>\n<li>Itaparica<\/li>\n<li>Itap\u00e9<\/li>\n<li>Itapebi<\/li>\n<li>Itapetinga<\/li>\n<li>Itapicuru<\/li>\n<li>Itapitanga<\/li>\n<li>Itaquara<\/li>\n<li>Itarantim<\/li>\n<li>Itatim<\/li>\n<li>Itiru\u00e7u<\/li>\n<li>Iti\u00faba<\/li>\n<li>Itoror\u00f3<\/li>\n<li>Itua\u00e7u<\/li>\n<li>Ituber\u00e1<\/li>\n<li>Iuiu<\/li>\n<li>Jacaraci<\/li>\n<li>Jacobina<\/li>\n<li>Jaguaquara<\/li>\n<li>Jaguarari<\/li>\n<li>Jaguaripe<\/li>\n<li>Janda\u00edra<\/li>\n<li>Jequi\u00e9<\/li>\n<li>Jeremoabo<\/li>\n<li>Jiquiri\u00e7\u00e1<\/li>\n<li>Jita\u00fana<\/li>\n<li>Juazeiro<\/li>\n<li>Jucuru\u00e7u<\/li>\n<li>Jussari<\/li>\n<li>Jussiape<\/li>\n<li>Lafaiete Coutinho<\/li>\n<li>Lagoa Real<\/li>\n<li>Laje<\/li>\n<li>Lajed\u00e3o<\/li>\n<li>Lajedinho<\/li>\n<li>Lajedo do Tabocal<\/li>\n<li>Lamar\u00e3o<\/li>\n<li>Lauro de Freitas<\/li>\n<li>Len\u00e7\u00f3is<\/li>\n<li>Lic\u00ednio de Almeida<\/li>\n<li>Livramento de Nossa Senhora<\/li>\n<li>Macajuba<\/li>\n<li>Macarani<\/li>\n<li>Maca\u00fabas<\/li>\n<li>Macurur\u00e9<\/li>\n<li>Madre de Deus<\/li>\n<li>Maetinga<\/li>\n<li>Maiquinique<\/li>\n<li>Malhada<\/li>\n<li>Malhada de Pedras<\/li>\n<li>Manoel Vitorino<\/li>\n<li>Marac\u00e1s<\/li>\n<li>Maragogipe<\/li>\n<li>Mara\u00fa<\/li>\n<li>Marcion\u00edlio Souza<\/li>\n<li>Mascote<\/li>\n<li>Mata de S\u00e3o Jo\u00e3o<\/li>\n<li>Matina<\/li>\n<li>Medeiros Neto<\/li>\n<li>Milagres<\/li>\n<li>Mirante<\/li>\n<li>Monte Santo<\/li>\n<li>Mortugaba<\/li>\n<li>Mucug\u00ea<\/li>\n<li>Mucuri<\/li>\n<li>Mundo Novo<\/li>\n<li>Muniz Ferreira<\/li>\n<li>Muritiba<\/li>\n<li>Mutu\u00edpe<\/li>\n<li>Nazar\u00e9<\/li>\n<li>Nilo Pe\u00e7anha<\/li>\n<li>Nordestina<\/li>\n<li>Nova Cana\u00e3<\/li>\n<li>Nova F\u00e1tima<\/li>\n<li>Nova Ibi\u00e1<\/li>\n<li>Nova Itarana<\/li>\n<li>Nova Reden\u00e7\u00e3o<\/li>\n<li>Nova Soure<\/li>\n<li>Nova Vi\u00e7osa<\/li>\n<li>Novo Horizonte<\/li>\n<li>Novo Triunfo<\/li>\n<li>Olindina<\/li>\n<li>Ouri\u00e7angas<\/li>\n<li>Palmas de Monte Alto<\/li>\n<li>Palmeiras<\/li>\n<li>Paramirim<\/li>\n<li>Paripiranga<\/li>\n<li>Pau Brasil<\/li>\n<li>Paulo Afonso<\/li>\n<li>P\u00e9 de Serra<\/li>\n<li>Pedr\u00e3o<\/li>\n<li>Pedro Alexandre<\/li>\n<li>Piat\u00e3<\/li>\n<li>Pil\u00e3o Arcado<\/li>\n<li>Pinda\u00ed<\/li>\n<li>Pindoba\u00e7u<\/li>\n<li>Pintadas<\/li>\n<li>Pira\u00ed do Norte<\/li>\n<li>Pirip\u00e1<\/li>\n<li>Planaltino<\/li>\n<li>Planalto<\/li>\n<li>Po\u00e7\u00f5es<\/li>\n<li>Pojuca<\/li>\n<li>Ponto Novo<\/li>\n<li>Porto Seguro<\/li>\n<li>Potiragu\u00e1<\/li>\n<li>Prado<\/li>\n<li>Presidente J\u00e2nio Quadros<\/li>\n<li>Presidente Tancredo Neves<\/li>\n<li>Queimadas<\/li>\n<li>Quijingue<\/li>\n<li>Rafael Jambeiro<\/li>\n<li>Remanso<\/li>\n<li>Retirol\u00e2ndia<\/li>\n<li>Riach\u00e3o do Jacu\u00edpe<\/li>\n<li>Riacho de Santana<\/li>\n<li>Ribeira do Amparo<\/li>\n<li>Ribeira do Pombal<\/li>\n<li>Ribeir\u00e3o do Largo<\/li>\n<li>Rio de Contas<\/li>\n<li>Rio do Ant\u00f4nio<\/li>\n<li>Rio do Pires<\/li>\n<li>Rio Real<\/li>\n<li>Rodelas<\/li>\n<li>Ruy Barbosa<\/li>\n<li>Salinas da Margarida<\/li>\n<li>Salvador<\/li>\n<li>Santa B\u00e1rbara<\/li>\n<li>Santa Br\u00edgida<\/li>\n<li>Santa Cruz Cabr\u00e1lia<\/li>\n<li>Santa Cruz da Vit\u00f3ria<\/li>\n<li>Santa In\u00eas<\/li>\n<li>Santa Luzia<\/li>\n<li>Santa Teresinha<\/li>\n<li>Santaluz<\/li>\n<li>Santan\u00f3polis<\/li>\n<li>Santo Amaro<\/li>\n<li>Santo Ant\u00f4nio de Jesus<\/li>\n<li>Santo Est\u00eav\u00e3o<\/li>\n<li>S\u00e3o Domingos<\/li>\n<li>S\u00e3o Felipe<\/li>\n<li>S\u00e3o Francisco do Conde<\/li>\n<li>S\u00e3o Gon\u00e7alo dos Campos<\/li>\n<li>S\u00e3o Jos\u00e9 da Vit\u00f3ria<\/li>\n<li>S\u00e3o Miguel das Matas<\/li>\n<li>S\u00e3o Sebasti\u00e3o do Pass\u00e9<\/li>\n<li>Sapea\u00e7u<\/li>\n<li>S\u00e1tiro Dias<\/li>\n<li>Saubara<\/li>\n<li>Seabra<\/li>\n<li>Sebasti\u00e3o Laranjeiras<\/li>\n<li>Senhor do Bonfim<\/li>\n<li>Sento S\u00e9<\/li>\n<li>Serra Preta<\/li>\n<li>Serrinha<\/li>\n<li>Sim\u00f5es Filho<\/li>\n<li>S\u00edtio do Quinto<\/li>\n<li>Sobradinho<\/li>\n<li>Souto Soares<\/li>\n<li>Tanha\u00e7u<\/li>\n<li>Tanque Novo<\/li>\n<li>Tanquinho<\/li>\n<li>Tapero\u00e1<\/li>\n<li>Teixeira de Freitas<\/li>\n<li>Teodoro Sampaio<\/li>\n<li>Teofil\u00e2ndia<\/li>\n<li>Teol\u00e2ndia<\/li>\n<li>Terra Nova<\/li>\n<li>Tremedal<\/li>\n<li>Tucano<\/li>\n<li>Uau\u00e1<\/li>\n<li>Uba\u00edra<\/li>\n<li>Ubaitaba<\/li>\n<li>Ubat\u00e3<\/li>\n<li>Una<\/li>\n<li>Urandi<\/li>\n<li>Uru\u00e7uca<\/li>\n<li>Utinga<\/li>\n<li>Valen\u00e7a<\/li>\n<li>Valente<\/li>\n<li>Varzedo<\/li>\n<li>Vera Cruz<\/li>\n<li>Vereda<\/li>\n<li>Vit\u00f3ria da Conquista<\/li>\n<li>Wagner<\/li>\n<li>Wenceslau Guimar\u00e3es<\/li>\n<\/ul>\n","protected":false},"excerpt":{"rendered":"<p>A partir de hoje (22), a amplia\u00e7\u00e3o do hor\u00e1rio do toque de recolher decretada pelo governador da Bahia Rui Costa (PT) ontem (21) come\u00e7a a valer. Agora, a restri\u00e7\u00e3o inicia \u00e0s 20h e vai at\u00e9 as 5h em todos os mun\u00edcipios que fazem parte e os que foram inclu\u00eddos na medida, com exce\u00e7\u00e3o da regi\u00e3o [&hellip;]<\/p>\n","protected":false},"author":2,"featured_media":3875,"comment_status":"closed","ping_status":"closed","sticky":false,"template":"","format":"standard","meta":{"_links_to":"","_links_to_target":""},"categories":[11,2],"tags":[],"views":565,"_links":{"self":[{"href":"https:\/\/www.bahiananoticias.com.br\/v1\/wp-json\/wp\/v2\/posts\/3966"}],"collection":[{"href":"https:\/\/www.bahiananoticias.com.br\/v1\/wp-json\/wp\/v2\/posts"}],"about":[{"href":"https:\/\/www.bahiananoticias.com.br\/v1\/wp-json\/wp\/v2\/types\/post"}],"author":[{"embeddable":true,"href":"https:\/\/www.bahiananoticias.com.br\/v1\/wp-json\/wp\/v2\/users\/2"}],"replies":[{"embeddable":true,"href":"https:\/\/www.bahiananoticias.com.br\/v1\/wp-json\/wp\/v2\/comments?post=3966"}],"version-history":[{"count":1,"href":"https:\/\/www.bahiananoticias.com.br\/v1\/wp-json\/wp\/v2\/posts\/3966\/revisions"}],"predecessor-version":[{"id":3967,"href":"https:\/\/www.bahiananoticias.com.br\/v1\/wp-json\/wp\/v2\/posts\/3966\/revisions\/3967"}],"wp:featuredmedia":[{"embeddable":true,"href":"https:\/\/www.bahiananoticias.com.br\/v1\/wp-json\/wp\/v2\/media\/3875"}],"wp:attachment":[{"href":"https:\/\/www.bahiananoticias.com.br\/v1\/wp-json\/wp\/v2\/media?parent=3966"}],"wp:term":[{"taxonomy":"category","embeddable":true,"href":"https:\/\/www.bahiananoticias.com.br\/v1\/wp-json\/wp\/v2\/categories?post=3966"},{"taxonomy":"post_tag","embeddable":true,"href":"https:\/\/www.bahiananoticias.com.br\/v1\/wp-json\/wp\/v2\/tags?post=3966"}],"curies":[{"name":"wp","href":"https:\/\/api.w.org\/{rel}","templated":true}]}}