{"id":3877,"date":"2021-02-17T10:41:20","date_gmt":"2021-02-17T13:41:20","guid":{"rendered":"https:\/\/www.bahiananoticias.com.br\/v1\/?p=3877"},"modified":"2021-02-17T11:32:24","modified_gmt":"2021-02-17T14:32:24","slug":"com-55-da-frota-e-integracao-onibus-volta-a-rodar-nesta-quarta-em-itabuna","status":"publish","type":"post","link":"https:\/\/www.bahiananoticias.com.br\/v1\/2021\/02\/17\/com-55-da-frota-e-integracao-onibus-volta-a-rodar-nesta-quarta-em-itabuna\/","title":{"rendered":"COM 55% DA FROTA E INTEGRA\u00c7\u00c3O, \u00d4NIBUS VOLTA A RODAR NESTA QUARTA EM ITABUNA"},"content":{"rendered":"<p><img decoding=\"async\" loading=\"lazy\" class=\"aligncenter size-full wp-image-3878\" src=\"https:\/\/www.bahiananoticias.com.br\/v1\/wp-content\/uploads\/2021\/02\/com-55-da-frota-e-integracao-onibus-volta-a-rodar-nesta-quarta-em-itabuna-1280-7b307a77.jpg\" alt=\"\" width=\"570\" height=\"300\" srcset=\"https:\/\/www.bahiananoticias.com.br\/v1\/wp-content\/uploads\/2021\/02\/com-55-da-frota-e-integracao-onibus-volta-a-rodar-nesta-quarta-em-itabuna-1280-7b307a77.jpg 570w, https:\/\/www.bahiananoticias.com.br\/v1\/wp-content\/uploads\/2021\/02\/com-55-da-frota-e-integracao-onibus-volta-a-rodar-nesta-quarta-em-itabuna-1280-7b307a77-300x158.jpg 300w\" sizes=\"(max-width: 570px) 100vw, 570px\" \/><\/p>\n<p>Fiscais da Secretaria de Transporte e Tr\u00e2nsito de Itabuna (Settran) conclu\u00edram, nesta manh\u00e3 de ter\u00e7a (16), a vistoria dos 50 \u00f4nibus que v\u00e3o operar em regime emergencial em Itabuna a partir de amanh\u00e3 (17). Na semana passada, a fiscaliza\u00e7\u00e3o iniciou os trabalhos com os rodovi\u00e1rios contratados pela Atl\u00e2ntico, quando explicaram como funcionar\u00e1 o sistema de transporte em regime emergencial. Uma das novidades ser\u00e1 a possibilidade de integra\u00e7\u00e3o (confira mais abaixo).<\/p>\n<p>Os ve\u00edculos come\u00e7am a rodar nas primeiras horas de quarta com a tarifa antiga (R$ 3,70). Equipe da Settran verificou itens como funcionamento do elevador de acesso para pessoas com defici\u00eancia, cinto de seguran\u00e7a, campainha e abertura e fechamento das portas foram alguns dos itens observados.<\/p>\n<p>Cinco pontos, no centro da cidade, foram definidos para o Sistema de Integra\u00e7\u00e3o. O usu\u00e1rio poder\u00e1 fazer o transbordo (pegar outro \u00f4nibus) em at\u00e9 uma hora a partir do momento que paga a passagem. Os pontos de transbordo ser\u00e3o na Pra\u00e7a da Laura Concei\u00e7\u00e3o (Catedral); Beira-Rio; Pra\u00e7a Ot\u00e1vio Mangabeira (Camacan); Centro Comercial e Avenida Am\u00e9lia Amado.<!--more--><\/p>\n<p>J\u00e1 vistoriados, \u00f4nibus ficar\u00e3o expostos nas proximidades do Centro Administrativo Firmino Alves, sede da Prefeitura, na Avenida Princesa Isabel, e na Avenida Aziz Maron (Beira-Rio). Hoje \u00e0 tarde, o prefeito Augusto Castro e equipes da Settran participar\u00e3o de uma \u201ccaravana\u201d com parte da frota de \u00f4nibus circulando pela cidade.<\/p>\n<p>O munic\u00edpio voltar\u00e1 a ter transporte coletivo depois de 11 meses. Os ve\u00edculos n\u00e3o rodavam desde 21 de mar\u00e7o do ano passado. Os 50 \u00f4nibus representam 55% da frota regular que atende o sistema no munic\u00edpio (92 ve\u00edculos).<\/p>\n<p><em>Por Blog Pimenta<\/em><\/p>\n","protected":false},"excerpt":{"rendered":"<p>Fiscais da Secretaria de Transporte e Tr\u00e2nsito de Itabuna (Settran) conclu\u00edram, nesta manh\u00e3 de ter\u00e7a (16), a vistoria dos 50 \u00f4nibus que v\u00e3o operar em regime emergencial em Itabuna a partir de amanh\u00e3 (17). Na semana passada, a fiscaliza\u00e7\u00e3o iniciou os trabalhos com os rodovi\u00e1rios contratados pela Atl\u00e2ntico, quando explicaram como funcionar\u00e1 o sistema de [&hellip;]<\/p>\n","protected":false},"author":2,"featured_media":3878,"comment_status":"closed","ping_status":"closed","sticky":false,"template":"","format":"standard","meta":{"_links_to":"","_links_to_target":""},"categories":[11,5],"tags":[47],"views":449,"_links":{"self":[{"href":"https:\/\/www.bahiananoticias.com.br\/v1\/wp-json\/wp\/v2\/posts\/3877"}],"collection":[{"href":"https:\/\/www.bahiananoticias.com.br\/v1\/wp-json\/wp\/v2\/posts"}],"about":[{"href":"https:\/\/www.bahiananoticias.com.br\/v1\/wp-json\/wp\/v2\/types\/post"}],"author":[{"embeddable":true,"href":"https:\/\/www.bahiananoticias.com.br\/v1\/wp-json\/wp\/v2\/users\/2"}],"replies":[{"embeddable":true,"href":"https:\/\/www.bahiananoticias.com.br\/v1\/wp-json\/wp\/v2\/comments?post=3877"}],"version-history":[{"count":3,"href":"https:\/\/www.bahiananoticias.com.br\/v1\/wp-json\/wp\/v2\/posts\/3877\/revisions"}],"predecessor-version":[{"id":3893,"href":"https:\/\/www.bahiananoticias.com.br\/v1\/wp-json\/wp\/v2\/posts\/3877\/revisions\/3893"}],"wp:featuredmedia":[{"embeddable":true,"href":"https:\/\/www.bahiananoticias.com.br\/v1\/wp-json\/wp\/v2\/media\/3878"}],"wp:attachment":[{"href":"https:\/\/www.bahiananoticias.com.br\/v1\/wp-json\/wp\/v2\/media?parent=3877"}],"wp:term":[{"taxonomy":"category","embeddable":true,"href":"https:\/\/www.bahiananoticias.com.br\/v1\/wp-json\/wp\/v2\/categories?post=3877"},{"taxonomy":"post_tag","embeddable":true,"href":"https:\/\/www.bahiananoticias.com.br\/v1\/wp-json\/wp\/v2\/tags?post=3877"}],"curies":[{"name":"wp","href":"https:\/\/api.w.org\/{rel}","templated":true}]}}