{"id":3813,"date":"2021-02-16T10:03:27","date_gmt":"2021-02-16T13:03:27","guid":{"rendered":"https:\/\/www.bahiananoticias.com.br\/v1\/?p=3813"},"modified":"2021-02-16T10:03:27","modified_gmt":"2021-02-16T13:03:27","slug":"prefeitura-vai-apresentar-a-spu-proposta-para-regularizacao-de-areas-publicas-em-ilheus","status":"publish","type":"post","link":"https:\/\/www.bahiananoticias.com.br\/v1\/2021\/02\/16\/prefeitura-vai-apresentar-a-spu-proposta-para-regularizacao-de-areas-publicas-em-ilheus\/","title":{"rendered":"PREFEITURA VAI APRESENTAR \u00c0 SPU PROPOSTA PARA REGULARIZA\u00c7\u00c3O DE \u00c1REAS P\u00daBLICAS EM ILH\u00c9US"},"content":{"rendered":"<p><img decoding=\"async\" loading=\"lazy\" class=\"aligncenter size-full wp-image-263\" src=\"https:\/\/www.bahiananoticias.com.br\/v1\/wp-content\/uploads\/2020\/09\/prefeitura-ilheus.jpg\" alt=\"\" width=\"570\" height=\"351\" srcset=\"https:\/\/www.bahiananoticias.com.br\/v1\/wp-content\/uploads\/2020\/09\/prefeitura-ilheus.jpg 570w, https:\/\/www.bahiananoticias.com.br\/v1\/wp-content\/uploads\/2020\/09\/prefeitura-ilheus-300x185.jpg 300w\" sizes=\"(max-width: 570px) 100vw, 570px\" \/><\/p>\n<p>Nesta semana, o prefeito M\u00e1rio Alexandre cumpre agenda na capital baiana para dialogar com os governos estadual e federal sobre projetos de melhoria da infraestrutura vi\u00e1ria e tur\u00edstica de Ilh\u00e9us. Na Superintend\u00eancia do Patrim\u00f4nio da Uni\u00e3o na Bahia (SPU\/BA), o gestor\u00a0apresentar\u00e1 proposta para regulariza\u00e7\u00e3o de \u00e1reas p\u00fablicas de interesse do Munic\u00edpio.<\/p>\n<p>De acordo com a Prefeitura, ser\u00e1 colocada em discuss\u00e3o a situa\u00e7\u00e3o das cabanas de praia na Orla Sul, visto que o trecho ser\u00e1 duplicado at\u00e9 o Cururupe e o Munic\u00edpio entende a necessidade de reordenar a referida regi\u00e3o. Tamb\u00e9m estar\u00e3o em pauta a situa\u00e7\u00e3o dos im\u00f3veis de dom\u00ednio \u00fatil da Companhia das Docas do Estado da Bahia (CODEBA), cujo espa\u00e7o, segundo informa a Administra\u00e7\u00e3o Municipal, ser\u00e1 revitalizado para implementa\u00e7\u00e3o do projeto Porto-Cidade e posterior cria\u00e7\u00e3o de um centro cultural e gastron\u00f4mico.<!--more--><\/p>\n<p>\u201cJunto \u00e0 SPU vamos iniciar a tratativa para regularizar de forma r\u00e1pida a situa\u00e7\u00e3o de alguns im\u00f3veis\u00a0e dar destina\u00e7\u00e3o correta a esses espa\u00e7os, visando acima de tudo melhorar a qualidade dos servi\u00e7os prestados pelo Munic\u00edpio\u201d, explica\u00a0M\u00e1rio Alexandre.\u00a0Ainda ser\u00e3o debatidas a mudan\u00e7a do objeto de cess\u00e3o de uso do casar\u00e3o da Rua Conselheiro Dantas; a situa\u00e7\u00e3o da \u00e1rea cont\u00edgua ao Terminal Pesqueiro, administrado pela\u00a0Bahia Pesca,\u00a0para implanta\u00e7\u00e3o da Feira Livre do Cais e a reforma em car\u00e1ter de urg\u00eancia do im\u00f3vel da antiga Delegacia do Trabalho, localizado na Rua Maria Quit\u00e9ria, no Centro.<\/p>\n<p>Conforme o gestor, a utiliza\u00e7\u00e3o de alguns im\u00f3veis \u00e9 fundamental para descentralizar as atividades desempenhadas pelo poder p\u00fablico municipal e facilitar o atendimento \u00e0 popula\u00e7\u00e3o.<\/p>\n","protected":false},"excerpt":{"rendered":"<p>Nesta semana, o prefeito M\u00e1rio Alexandre cumpre agenda na capital baiana para dialogar com os governos estadual e federal sobre projetos de melhoria da infraestrutura vi\u00e1ria e tur\u00edstica de Ilh\u00e9us. Na Superintend\u00eancia do Patrim\u00f4nio da Uni\u00e3o na Bahia (SPU\/BA), o gestor\u00a0apresentar\u00e1 proposta para regulariza\u00e7\u00e3o de \u00e1reas p\u00fablicas de interesse do Munic\u00edpio. De acordo com a [&hellip;]<\/p>\n","protected":false},"author":2,"featured_media":263,"comment_status":"closed","ping_status":"closed","sticky":false,"template":"","format":"standard","meta":{"_links_to":"","_links_to_target":""},"categories":[11,5,35],"tags":[],"views":512,"_links":{"self":[{"href":"https:\/\/www.bahiananoticias.com.br\/v1\/wp-json\/wp\/v2\/posts\/3813"}],"collection":[{"href":"https:\/\/www.bahiananoticias.com.br\/v1\/wp-json\/wp\/v2\/posts"}],"about":[{"href":"https:\/\/www.bahiananoticias.com.br\/v1\/wp-json\/wp\/v2\/types\/post"}],"author":[{"embeddable":true,"href":"https:\/\/www.bahiananoticias.com.br\/v1\/wp-json\/wp\/v2\/users\/2"}],"replies":[{"embeddable":true,"href":"https:\/\/www.bahiananoticias.com.br\/v1\/wp-json\/wp\/v2\/comments?post=3813"}],"version-history":[{"count":1,"href":"https:\/\/www.bahiananoticias.com.br\/v1\/wp-json\/wp\/v2\/posts\/3813\/revisions"}],"predecessor-version":[{"id":3814,"href":"https:\/\/www.bahiananoticias.com.br\/v1\/wp-json\/wp\/v2\/posts\/3813\/revisions\/3814"}],"wp:featuredmedia":[{"embeddable":true,"href":"https:\/\/www.bahiananoticias.com.br\/v1\/wp-json\/wp\/v2\/media\/263"}],"wp:attachment":[{"href":"https:\/\/www.bahiananoticias.com.br\/v1\/wp-json\/wp\/v2\/media?parent=3813"}],"wp:term":[{"taxonomy":"category","embeddable":true,"href":"https:\/\/www.bahiananoticias.com.br\/v1\/wp-json\/wp\/v2\/categories?post=3813"},{"taxonomy":"post_tag","embeddable":true,"href":"https:\/\/www.bahiananoticias.com.br\/v1\/wp-json\/wp\/v2\/tags?post=3813"}],"curies":[{"name":"wp","href":"https:\/\/api.w.org\/{rel}","templated":true}]}}