{"id":3801,"date":"2021-02-15T10:38:58","date_gmt":"2021-02-15T13:38:58","guid":{"rendered":"https:\/\/www.bahiananoticias.com.br\/v1\/?p=3801"},"modified":"2021-02-15T10:38:58","modified_gmt":"2021-02-15T13:38:58","slug":"ilheus-recebe-6017-doses-para-segunda-aplicacao-da-vacina-contra-a-covid-19","status":"publish","type":"post","link":"https:\/\/www.bahiananoticias.com.br\/v1\/2021\/02\/15\/ilheus-recebe-6017-doses-para-segunda-aplicacao-da-vacina-contra-a-covid-19\/","title":{"rendered":"ILH\u00c9US RECEBE 6017 DOSES PARA SEGUNDA APLICA\u00c7\u00c3O DA VACINA CONTRA A COVID-19"},"content":{"rendered":"<p><img decoding=\"async\" loading=\"lazy\" class=\"aligncenter size-full wp-image-1708\" src=\"https:\/\/www.bahiananoticias.com.br\/v1\/wp-content\/uploads\/2020\/11\/vacinas-1.jpg\" alt=\"\" width=\"570\" height=\"303\" srcset=\"https:\/\/www.bahiananoticias.com.br\/v1\/wp-content\/uploads\/2020\/11\/vacinas-1.jpg 570w, https:\/\/www.bahiananoticias.com.br\/v1\/wp-content\/uploads\/2020\/11\/vacinas-1-300x159.jpg 300w\" sizes=\"(max-width: 570px) 100vw, 570px\" \/><\/p>\n<p>A secretaria municipal de sa\u00fade recebeu nesta sexta-feira (12) 6.017 doses para a segunda aplica\u00e7\u00e3o da vacina da Covid-19, do N\u00facleo Regional de Sa\u00fade Sul (NRS Sul), secretaria de Sa\u00fade do Estado da Bahia (Sesab). A destina\u00e7\u00e3o das doses continua para o p\u00fablico priorit\u00e1rio da primeira fase do plano de imuniza\u00e7\u00e3o,\u00a0que j\u00e1 tomou a primeira dose, como trabalhadores de sa\u00fade na linha de frente do coronav\u00edrus, ind\u00edgenas e os idosos com mais de 80 anos.<\/p>\n<p>A segunda dose come\u00e7a a ser aplicada na pr\u00f3xima ter\u00e7a-feira, de acordo com o intervalo entre as doses, apenas para os trabalhadores de sa\u00fade na linha de frente do coronav\u00edrus e ind\u00edgenas. A previs\u00e3o da Sesau \u00e9 que os idosos com mais de 80 anos, que j\u00e1 foram vacinados com a primeira dose, comecem a receber a segunda aplica\u00e7\u00e3o a partir do dia 22, conforme calend\u00e1rio a ser divulgado pelo \u00f3rg\u00e3o, com o intervalo de 28 dias entre as doses.<\/p>\n<p>De acordo com o setor de Imuniza\u00e7\u00e3o da Sesau, n\u00e3o h\u00e1 expectativa de recebimento de novas doses para quem ainda n\u00e3o foi vacinado.<!--more--><\/p>\n<p>Os idosos acamados e assistidos no programa Melhor em Casa, que j\u00e1 receberam a primeira dose, ser\u00e3o atendidos em suas\u00a0resid\u00eancias, enquanto que os ind\u00edgenas continuam a ser vacinados nas pr\u00f3prias aldeias pelas equipes do Polo Ind\u00edgena de sa\u00fade do munic\u00edpio.<\/p>\n<p>Familiares de idosos que s\u00e3o verdadeiramente acamados e que desejem realizar o cadastro para vacina\u00e7\u00e3o quando houver disponibilidade de doses, podem informar o endere\u00e7o e demais dados diretamente aos agentes comunit\u00e1rios, nos postos de sa\u00fade ou na sala da Rede de Frio, que fica no Centro de Atendimento Especializado III (CAE III), antigo Sesp.<\/p>\n","protected":false},"excerpt":{"rendered":"<p>A secretaria municipal de sa\u00fade recebeu nesta sexta-feira (12) 6.017 doses para a segunda aplica\u00e7\u00e3o da vacina da Covid-19, do N\u00facleo Regional de Sa\u00fade Sul (NRS Sul), secretaria de Sa\u00fade do Estado da Bahia (Sesab). A destina\u00e7\u00e3o das doses continua para o p\u00fablico priorit\u00e1rio da primeira fase do plano de imuniza\u00e7\u00e3o,\u00a0que j\u00e1 tomou a primeira [&hellip;]<\/p>\n","protected":false},"author":2,"featured_media":1708,"comment_status":"closed","ping_status":"closed","sticky":false,"template":"","format":"standard","meta":{"_links_to":"","_links_to_target":""},"categories":[11,5],"tags":[],"views":549,"_links":{"self":[{"href":"https:\/\/www.bahiananoticias.com.br\/v1\/wp-json\/wp\/v2\/posts\/3801"}],"collection":[{"href":"https:\/\/www.bahiananoticias.com.br\/v1\/wp-json\/wp\/v2\/posts"}],"about":[{"href":"https:\/\/www.bahiananoticias.com.br\/v1\/wp-json\/wp\/v2\/types\/post"}],"author":[{"embeddable":true,"href":"https:\/\/www.bahiananoticias.com.br\/v1\/wp-json\/wp\/v2\/users\/2"}],"replies":[{"embeddable":true,"href":"https:\/\/www.bahiananoticias.com.br\/v1\/wp-json\/wp\/v2\/comments?post=3801"}],"version-history":[{"count":1,"href":"https:\/\/www.bahiananoticias.com.br\/v1\/wp-json\/wp\/v2\/posts\/3801\/revisions"}],"predecessor-version":[{"id":3802,"href":"https:\/\/www.bahiananoticias.com.br\/v1\/wp-json\/wp\/v2\/posts\/3801\/revisions\/3802"}],"wp:featuredmedia":[{"embeddable":true,"href":"https:\/\/www.bahiananoticias.com.br\/v1\/wp-json\/wp\/v2\/media\/1708"}],"wp:attachment":[{"href":"https:\/\/www.bahiananoticias.com.br\/v1\/wp-json\/wp\/v2\/media?parent=3801"}],"wp:term":[{"taxonomy":"category","embeddable":true,"href":"https:\/\/www.bahiananoticias.com.br\/v1\/wp-json\/wp\/v2\/categories?post=3801"},{"taxonomy":"post_tag","embeddable":true,"href":"https:\/\/www.bahiananoticias.com.br\/v1\/wp-json\/wp\/v2\/tags?post=3801"}],"curies":[{"name":"wp","href":"https:\/\/api.w.org\/{rel}","templated":true}]}}