{"id":3764,"date":"2021-02-12T10:39:45","date_gmt":"2021-02-12T13:39:45","guid":{"rendered":"https:\/\/www.bahiananoticias.com.br\/v1\/?p=3764"},"modified":"2021-02-12T10:39:45","modified_gmt":"2021-02-12T13:39:45","slug":"rede-hoteleira-de-ilheus-tem-90-de-taxa-de-ocupacao-mesmo-com-carnaval-suspenso","status":"publish","type":"post","link":"https:\/\/www.bahiananoticias.com.br\/v1\/2021\/02\/12\/rede-hoteleira-de-ilheus-tem-90-de-taxa-de-ocupacao-mesmo-com-carnaval-suspenso\/","title":{"rendered":"REDE HOTELEIRA DE ILH\u00c9US TEM 90% DE TAXA DE OCUPA\u00c7\u00c3O MESMO COM CARNAVAL SUSPENSO"},"content":{"rendered":"<p><img decoding=\"async\" loading=\"lazy\" class=\"aligncenter size-full wp-image-2863\" src=\"https:\/\/www.bahiananoticias.com.br\/v1\/wp-content\/uploads\/2021\/01\/ponte-de-ilheus.jpg\" alt=\"\" width=\"570\" height=\"380\" srcset=\"https:\/\/www.bahiananoticias.com.br\/v1\/wp-content\/uploads\/2021\/01\/ponte-de-ilheus.jpg 570w, https:\/\/www.bahiananoticias.com.br\/v1\/wp-content\/uploads\/2021\/01\/ponte-de-ilheus-300x200.jpg 300w\" sizes=\"(max-width: 570px) 100vw, 570px\" \/><\/p>\n<p>A cidade de Ilh\u00e9u, est\u00e1 com 90% da ocupa\u00e7\u00e3o na rede hoteleira nesse per\u00edodo de carnaval, mesmo com a folia suspensa. Segundo a Associa\u00e7\u00e3o de Turismo de Ilh\u00e9us [Atil], a maioria dos turistas vem de outras cidades baianas como tamb\u00e9m de munic\u00edpios de Minas Gerais, Esp\u00edrito Santo e Goi\u00e1s. \u00c0 TV Bahia, a associa\u00e7\u00e3o disse que mesmo com a taxa elevada, o fato n\u00e3o preocupa por ser um percentual preenchido &#8220;no balc\u00e3o&#8221;.<\/p>\n<p>No munic\u00edpio, o com\u00e9rcio deve funcionar nas pr\u00f3ximas segunda-feira (15) e ter\u00e7a-feira (16). J\u00e1 os \u00f3rg\u00e3os p\u00fablicos ter\u00e3o ponto facultativo no per\u00edodo. Ainda segundo a emissora, devido ao aumento do fluxo na cidade, o tr\u00e2nsito est\u00e1 mais intenso e as praias, lotadas.<\/p>\n","protected":false},"excerpt":{"rendered":"<p>A cidade de Ilh\u00e9u, est\u00e1 com 90% da ocupa\u00e7\u00e3o na rede hoteleira nesse per\u00edodo de carnaval, mesmo com a folia suspensa. Segundo a Associa\u00e7\u00e3o de Turismo de Ilh\u00e9us [Atil], a maioria dos turistas vem de outras cidades baianas como tamb\u00e9m de munic\u00edpios de Minas Gerais, Esp\u00edrito Santo e Goi\u00e1s. \u00c0 TV Bahia, a associa\u00e7\u00e3o disse [&hellip;]<\/p>\n","protected":false},"author":2,"featured_media":2863,"comment_status":"closed","ping_status":"closed","sticky":false,"template":"","format":"standard","meta":{"_links_to":"","_links_to_target":""},"categories":[11,5,1],"tags":[],"views":545,"_links":{"self":[{"href":"https:\/\/www.bahiananoticias.com.br\/v1\/wp-json\/wp\/v2\/posts\/3764"}],"collection":[{"href":"https:\/\/www.bahiananoticias.com.br\/v1\/wp-json\/wp\/v2\/posts"}],"about":[{"href":"https:\/\/www.bahiananoticias.com.br\/v1\/wp-json\/wp\/v2\/types\/post"}],"author":[{"embeddable":true,"href":"https:\/\/www.bahiananoticias.com.br\/v1\/wp-json\/wp\/v2\/users\/2"}],"replies":[{"embeddable":true,"href":"https:\/\/www.bahiananoticias.com.br\/v1\/wp-json\/wp\/v2\/comments?post=3764"}],"version-history":[{"count":1,"href":"https:\/\/www.bahiananoticias.com.br\/v1\/wp-json\/wp\/v2\/posts\/3764\/revisions"}],"predecessor-version":[{"id":3765,"href":"https:\/\/www.bahiananoticias.com.br\/v1\/wp-json\/wp\/v2\/posts\/3764\/revisions\/3765"}],"wp:featuredmedia":[{"embeddable":true,"href":"https:\/\/www.bahiananoticias.com.br\/v1\/wp-json\/wp\/v2\/media\/2863"}],"wp:attachment":[{"href":"https:\/\/www.bahiananoticias.com.br\/v1\/wp-json\/wp\/v2\/media?parent=3764"}],"wp:term":[{"taxonomy":"category","embeddable":true,"href":"https:\/\/www.bahiananoticias.com.br\/v1\/wp-json\/wp\/v2\/categories?post=3764"},{"taxonomy":"post_tag","embeddable":true,"href":"https:\/\/www.bahiananoticias.com.br\/v1\/wp-json\/wp\/v2\/tags?post=3764"}],"curies":[{"name":"wp","href":"https:\/\/api.w.org\/{rel}","templated":true}]}}