{"id":3732,"date":"2021-02-11T11:08:43","date_gmt":"2021-02-11T14:08:43","guid":{"rendered":"https:\/\/www.bahiananoticias.com.br\/v1\/?p=3732"},"modified":"2021-02-11T11:20:18","modified_gmt":"2021-02-11T14:20:18","slug":"carvanal-2021-agenda-de-lives-para-curtir-o-carnaval-de-salvador-em-casa","status":"publish","type":"post","link":"https:\/\/www.bahiananoticias.com.br\/v1\/2021\/02\/11\/carvanal-2021-agenda-de-lives-para-curtir-o-carnaval-de-salvador-em-casa\/","title":{"rendered":"CARVANAL 2021: AGENDA DE LIVES PARA CURTIR O CARNAVAL DE SALVADOR EM CASA"},"content":{"rendered":"<p><img decoding=\"async\" loading=\"lazy\" class=\"aligncenter size-full wp-image-3737\" src=\"https:\/\/www.bahiananoticias.com.br\/v1\/wp-content\/uploads\/2021\/02\/design-sem-nome.jpg\" alt=\"\" width=\"570\" height=\"357\" srcset=\"https:\/\/www.bahiananoticias.com.br\/v1\/wp-content\/uploads\/2021\/02\/design-sem-nome.jpg 570w, https:\/\/www.bahiananoticias.com.br\/v1\/wp-content\/uploads\/2021\/02\/design-sem-nome-300x188.jpg 300w\" sizes=\"(max-width: 570px) 100vw, 570px\" \/><\/p>\n<p>Com a pandemia do novo coronav\u00edrus, uma das festas mais esperadas dos baianos foi cancelada. Desfiles de trios, blocos e festa de rua foram suspensos para evitar aglomera\u00e7\u00f5es. Apesar disso, cantores baianos anunciaram lives nos dias de comemora\u00e7\u00e3o da folia.<\/p>\n<p>Confira a agenda com todas as lives, que come\u00e7am a partir dessa quinta-feira (11), \u00e0 segunda (15), para curtir o carnaval em casa.<\/p>\n<p><strong>Quinta-feira (11)<\/strong><\/p>\n<div class=\"mc-column content-text active-extra-styles\" data-block-type=\"raw\" data-block-weight=\"53\" data-block-id=\"6\">\n<ul class=\"content-unordered-list\">\n<li><strong>Sarajane e Alexandre Le\u00e3o \u2013 Live Vamos Abrir a Roda<br \/>\n<\/strong>19h |\u00a0<a href=\"https:\/\/www.youtube.com\/channel\/UCJvnUcKjcmppN-SNWv_Oy2A\" target=\"_blank\" rel=\"noopener noreferrer\">YouTube<\/a><\/li>\n<li><strong>A Dama, La F\u00faria, Lincoln &amp; Duas Medidas e O Poeta \u2013 Live Mistura Perfeita<br \/>\n<\/strong>20h | YouTube de\u00a0<a href=\"https:\/\/www.youtube.com\/channel\/UCd7hG051NEH9cMxJylXF0jA\" target=\"_blank\" rel=\"noopener noreferrer\">La F\u00faria<\/a>,\u00a0<a href=\"https:\/\/www.youtube.com\/channel\/UCJhVm0lzagd9GqJzMIy7Wbg\" target=\"_blank\" rel=\"noopener noreferrer\">Lincoln\u00a0<\/a>e\u00a0<a href=\"https:\/\/www.youtube.com\/channel\/UC0CpoWm04r0Wa_7DXx6PjyQ\" target=\"_blank\" rel=\"noopener noreferrer\">O Poeta<\/a><\/li>\n<li><strong>Grupo Miudinho, com participa\u00e7\u00e3o de Xande de Pilares e outros artistas \u2013 Live Bloco Alvorada<br \/>\n<\/strong>21h30 |\u00a0<a href=\"https:\/\/www.youtube.com\/results?search_query=bloco+alerta+geral\" target=\"_blank\" rel=\"noopener noreferrer\">YouTube<\/a><\/li>\n<\/ul>\n<\/div>\n<div class=\"mc-column content-text active-extra-styles\" data-block-type=\"raw\" data-block-weight=\"2\" data-block-id=\"7\">\n<div class=\"content-intertitle\">\n<p><strong>Sexta-feira (12)<\/strong><\/p>\n<div class=\"mc-column content-text active-extra-styles\" data-block-type=\"raw\" data-block-weight=\"47\" data-block-id=\"8\">\n<ul class=\"content-unordered-list\">\n<li><strong>Davi Moraes, Gilsons, Luedji Luna e outros artistas \u2013 Live Moraes Canta Moreira<\/strong><br \/>\n19h |\u00a0<a href=\"https:\/\/www.youtube.com\/c\/bohemiapuromalte\/featured\" target=\"_blank\" rel=\"noopener noreferrer\">YouTube<\/a><strong><br \/>\n<\/strong><\/li>\n<li><strong>Sarajane e Buk Jones \u2013 Live Vamos Abrir a Roda<br \/>\n<\/strong>19h |\u00a0<a href=\"https:\/\/www.youtube.com\/channel\/UCJvnUcKjcmppN-SNWv_Oy2A\" target=\"_blank\" rel=\"noopener noreferrer\">YouTube<\/a><\/li>\n<li><strong>Daniela Mercury \u2013 Carnaval Virtual da Rainha<br \/>\n<\/strong>20h30 |\u00a0<a href=\"https:\/\/www.youtube.com\/watch?v=YoRGixYVj8U\" target=\"_blank\" rel=\"noopener noreferrer\">YouTube<\/a><\/li>\n<li><strong>Cheiro de Amor \u2013 Live Cheiro no Brasil<br \/>\n<\/strong>20h30 |\u00a0<a href=\"https:\/\/www.youtube.com\/channel\/UCgQyLTyqwsfEfZbzO5Yflow\" target=\"_blank\" rel=\"noopener noreferrer\">YouTube<\/a><\/li>\n<\/ul>\n<\/div>\n<div class=\"mc-column content-text active-extra-styles\" data-block-type=\"raw\" data-block-weight=\"2\" data-block-id=\"9\">\n<div class=\"content-intertitle\">\n<p><strong>S\u00e1bado (13)<\/strong><\/p>\n<\/div>\n<\/div>\n<\/div>\n<\/div>\n<p><!--more--><\/p>\n<div class=\"mc-column content-text active-extra-styles\" data-block-type=\"raw\" data-block-weight=\"47\" data-block-id=\"10\">\n<ul class=\"content-unordered-list\">\n<li><strong>Chiclete com Banana \u2013 Live do Voa Voa<br \/>\n<\/strong>16h |\u00a0<a href=\"https:\/\/www.youtube.com\/channel\/UCKY0ExOhG86FyDmtr_aM6dg\" target=\"_blank\" rel=\"noopener noreferrer\">YouTube<\/a><strong><br \/>\n<\/strong><\/li>\n<li><strong>Ivete Sangalo e Claudia Leitte \u2013 Live O Trio<br \/>\n<\/strong>17h30 | YouTube de\u00a0<a href=\"https:\/\/www.youtube.com\/channel\/UC4FK6Ki675LB-rkbD8O7ayg\" target=\"_blank\" rel=\"noopener noreferrer\">Ivete\u00a0<\/a>e\u00a0<a href=\"https:\/\/www.youtube.com\/user\/claudialeitteoficial\" target=\"_blank\" rel=\"noopener noreferrer\">Claudia<\/a><\/li>\n<li><strong>Sarajane e Mirela Bastos \u2013 Live Vamos Abrir a Roda<br \/>\n<\/strong>19h |\u00a0<a href=\"https:\/\/www.youtube.com\/channel\/UCJvnUcKjcmppN-SNWv_Oy2A\" target=\"_blank\" rel=\"noopener noreferrer\">YouTube<\/a><\/li>\n<li><strong>Harmonia, L\u00e9o Santana e Parangol\u00e9 \u2013 Live Encontro<br \/>\n<\/strong>21h |\u00a0<a href=\"https:\/\/www.youtube.com\/watch?v=TYm672hKEfk&amp;feature=youtu.be\" target=\"_blank\" rel=\"noopener noreferrer\">YouTube<\/a><\/li>\n<\/ul>\n<\/div>\n<div class=\"content-ads content-ads--reveal\" data-block-type=\"ads\" data-block-id=\"11\">\n<div id=\"banner_materia2\" class=\"tag-manager-publicidade-container mc-has-reveal mc-has-ad-lazyload tag-manager-publicidade-banner_materia2 tag-manager-publicidade-container--carregado tag-manager-publicidade-container--visivel\" data-id=\"banner_materia2\" data-req=\"true\" data-google-query-id=\"CPTbmLr-4e4CFd4FuQYd3lcEzQ\" data-cid=\"null\" data-lid=\"null\">\n<div class=\"mc-column content-text active-extra-styles\" data-block-type=\"raw\" data-block-weight=\"2\" data-block-id=\"12\">\n<div class=\"content-intertitle\">\n<p><strong>Domingo (14)<\/strong><\/p>\n<\/div>\n<\/div>\n<div class=\"mc-column content-text active-extra-styles\" data-block-type=\"raw\" data-block-weight=\"30\" data-block-id=\"13\">\n<ul class=\"content-unordered-list\">\n<li><strong>Os Baro\u0303es da Pisadinha e Matheus &amp; Kauan \u2013 Live Camarote em Casa<br \/>\n<\/strong>14h |\u00a0<a href=\"https:\/\/www.youtube.com\/channel\/UCbOZO3lUCiHauuFhbzNnayQ\" target=\"_blank\" rel=\"noopener noreferrer\">YouTube<\/a><\/li>\n<li><strong>Bell Marques \u2013 Live Camale\u00e3o<br \/>\n<\/strong>16h |\u00a0<a href=\"https:\/\/www.youtube.com\/channel\/UCoMgZAyPrC4S4PXmRC9KCOQ\" target=\"_blank\" rel=\"noopener noreferrer\">YouTube<\/a><\/li>\n<li><strong>A\u0300TT\u00d8\u00d8XXA\u0301 \u2013 Bailaum BLVCK BVNG live<br \/>\n<\/strong>17h |\u00a0<a href=\"https:\/\/www.youtube.com\/channel\/UCShyTlYDbVcpP7rvD2_xL5Q\" target=\"_blank\" rel=\"noopener noreferrer\">YouTube<\/a><\/li>\n<\/ul>\n<div class=\"mc-column content-text active-extra-styles\" data-block-type=\"raw\" data-block-weight=\"2\" data-block-id=\"14\">\n<div class=\"content-intertitle\">\n<p><strong>Segunda-feira (15)<\/strong><\/p>\n<\/div>\n<\/div>\n<div class=\"mc-column content-text active-extra-styles\" data-block-type=\"raw\" data-block-weight=\"7\" data-block-id=\"15\">\n<ul class=\"content-unordered-list\">\n<li><strong>Psirico \u2013 Muquilive (As Muquiranas)<br \/>\n<\/strong>17h |\u00a0<a href=\"https:\/\/www.youtube.com\/user\/PsiricoOficial\" target=\"_blank\" rel=\"noopener noreferrer\">YouTube<\/a><\/li>\n<\/ul>\n<\/div>\n<\/div>\n<\/div>\n<\/div>\n","protected":false},"excerpt":{"rendered":"<p>Com a pandemia do novo coronav\u00edrus, uma das festas mais esperadas dos baianos foi cancelada. Desfiles de trios, blocos e festa de rua foram suspensos para evitar aglomera\u00e7\u00f5es. Apesar disso, cantores baianos anunciaram lives nos dias de comemora\u00e7\u00e3o da folia. Confira a agenda com todas as lives, que come\u00e7am a partir dessa quinta-feira (11), \u00e0 [&hellip;]<\/p>\n","protected":false},"author":2,"featured_media":3737,"comment_status":"closed","ping_status":"closed","sticky":false,"template":"","format":"standard","meta":{"_links_to":"","_links_to_target":""},"categories":[11,5,15],"tags":[45,105,106,38],"views":643,"_links":{"self":[{"href":"https:\/\/www.bahiananoticias.com.br\/v1\/wp-json\/wp\/v2\/posts\/3732"}],"collection":[{"href":"https:\/\/www.bahiananoticias.com.br\/v1\/wp-json\/wp\/v2\/posts"}],"about":[{"href":"https:\/\/www.bahiananoticias.com.br\/v1\/wp-json\/wp\/v2\/types\/post"}],"author":[{"embeddable":true,"href":"https:\/\/www.bahiananoticias.com.br\/v1\/wp-json\/wp\/v2\/users\/2"}],"replies":[{"embeddable":true,"href":"https:\/\/www.bahiananoticias.com.br\/v1\/wp-json\/wp\/v2\/comments?post=3732"}],"version-history":[{"count":3,"href":"https:\/\/www.bahiananoticias.com.br\/v1\/wp-json\/wp\/v2\/posts\/3732\/revisions"}],"predecessor-version":[{"id":3741,"href":"https:\/\/www.bahiananoticias.com.br\/v1\/wp-json\/wp\/v2\/posts\/3732\/revisions\/3741"}],"wp:featuredmedia":[{"embeddable":true,"href":"https:\/\/www.bahiananoticias.com.br\/v1\/wp-json\/wp\/v2\/media\/3737"}],"wp:attachment":[{"href":"https:\/\/www.bahiananoticias.com.br\/v1\/wp-json\/wp\/v2\/media?parent=3732"}],"wp:term":[{"taxonomy":"category","embeddable":true,"href":"https:\/\/www.bahiananoticias.com.br\/v1\/wp-json\/wp\/v2\/categories?post=3732"},{"taxonomy":"post_tag","embeddable":true,"href":"https:\/\/www.bahiananoticias.com.br\/v1\/wp-json\/wp\/v2\/tags?post=3732"}],"curies":[{"name":"wp","href":"https:\/\/api.w.org\/{rel}","templated":true}]}}