{"id":3725,"date":"2021-02-11T10:27:06","date_gmt":"2021-02-11T13:27:06","guid":{"rendered":"https:\/\/www.bahiananoticias.com.br\/v1\/?p=3725"},"modified":"2021-02-11T10:27:06","modified_gmt":"2021-02-11T13:27:06","slug":"bahia-inicia-aplicacao-da-segunda-dose-da-coronavac-na-proxima-segunda-feira-15","status":"publish","type":"post","link":"https:\/\/www.bahiananoticias.com.br\/v1\/2021\/02\/11\/bahia-inicia-aplicacao-da-segunda-dose-da-coronavac-na-proxima-segunda-feira-15\/","title":{"rendered":"BAHIA INICIA APLICA\u00c7\u00c3O DA SEGUNDA DOSE DA CORONAVAC NA PR\u00d3XIMA SEGUNDA-FEIRA (15)"},"content":{"rendered":"<div id=\"attachment_2915\" style=\"width: 580px\" class=\"wp-caption aligncenter\"><img aria-describedby=\"caption-attachment-2915\" decoding=\"async\" loading=\"lazy\" class=\"size-full wp-image-2915\" src=\"https:\/\/www.bahiananoticias.com.br\/v1\/wp-content\/uploads\/2021\/01\/coronavac.jpg\" alt=\"\" width=\"570\" height=\"321\" srcset=\"https:\/\/www.bahiananoticias.com.br\/v1\/wp-content\/uploads\/2021\/01\/coronavac.jpg 570w, https:\/\/www.bahiananoticias.com.br\/v1\/wp-content\/uploads\/2021\/01\/coronavac-300x169.jpg 300w\" sizes=\"(max-width: 570px) 100vw, 570px\" \/><p id=\"caption-attachment-2915\" class=\"wp-caption-text\">A taxa de efic\u00e1cia est\u00e1 acima dos par\u00e2metros exigidos pela Organiza\u00e7\u00e3o Mundial da Sa\u00fade (OMS) e pela Ag\u00eancia Nacional de Vigil\u00e2ncia Sanit\u00e1ria (Anvisa).<\/p><\/div>\n<p>Na pr\u00f3xima segunda-feira (15) a Bahia vai iniciar a aplica\u00e7\u00e3o da segunda dose da vacina Coronavac. Assim como ocorreu na primeira etapa da vacina\u00e7\u00e3o, o esquema ser\u00e1 iniciado com os profissionais de\u00a0sa\u00fade da linha de frente contra a Covid-19, idosos acima de 60 anos que vivem em institui\u00e7\u00f5es de longa perman\u00eancia e ind\u00edgenas.<\/p>\n<p>Os imunizantes desta nova etapa est\u00e3o guardados na Central Estadual de Armazenamento e Distribui\u00e7\u00e3o de Imunobiol\u00f3gicos da Secretaria da Sa\u00fade do Estado (Sesab), em Sim\u00f5es Filho, e tamb\u00e9m nos N\u00facleos Regionais de Sa\u00fade, de onde ser\u00e3o distribu\u00eddos para os munic\u00edpios j\u00e1 a partir desta sexta-feira (12).<!--more--><\/p>\n<p>A coordenadora de imuniza\u00e7\u00e3o do Estado, V\u00e2nia Rebou\u00e7as, destacou que, quando houve a aplica\u00e7\u00e3o da primeira dose, j\u00e1 foi calculado o prazo para a segunda aplica\u00e7\u00e3o das vacinas. Ela aconselha que as pessoas levem, al\u00e9m do documento de identifica\u00e7\u00e3o, a carteira de vacina\u00e7\u00e3o com o registro da primeira dose e, se poss\u00edvel, procurem os mesmos locais onde receberam a imuniza\u00e7\u00e3o. \u201c\u00c9 importante que seja levada a carteira de vacina\u00e7\u00e3o, pois \u00e9 onde est\u00e1 assinalado qual o laborat\u00f3rio fabricante da vacina\u201d, esclareceu.<\/p>\n<p>O estado vacinou mais de 344 mil pessoas contra o coronav\u00edrus desde 19 de janeiro, considerando somente a primeira dose.<\/p>\n","protected":false},"excerpt":{"rendered":"<p>Na pr\u00f3xima segunda-feira (15) a Bahia vai iniciar a aplica\u00e7\u00e3o da segunda dose da vacina Coronavac. Assim como ocorreu na primeira etapa da vacina\u00e7\u00e3o, o esquema ser\u00e1 iniciado com os profissionais de\u00a0sa\u00fade da linha de frente contra a Covid-19, idosos acima de 60 anos que vivem em institui\u00e7\u00f5es de longa perman\u00eancia e ind\u00edgenas. Os imunizantes [&hellip;]<\/p>\n","protected":false},"author":2,"featured_media":2915,"comment_status":"closed","ping_status":"closed","sticky":false,"template":"","format":"standard","meta":{"_links_to":"","_links_to_target":""},"categories":[11,5,35],"tags":[],"views":457,"_links":{"self":[{"href":"https:\/\/www.bahiananoticias.com.br\/v1\/wp-json\/wp\/v2\/posts\/3725"}],"collection":[{"href":"https:\/\/www.bahiananoticias.com.br\/v1\/wp-json\/wp\/v2\/posts"}],"about":[{"href":"https:\/\/www.bahiananoticias.com.br\/v1\/wp-json\/wp\/v2\/types\/post"}],"author":[{"embeddable":true,"href":"https:\/\/www.bahiananoticias.com.br\/v1\/wp-json\/wp\/v2\/users\/2"}],"replies":[{"embeddable":true,"href":"https:\/\/www.bahiananoticias.com.br\/v1\/wp-json\/wp\/v2\/comments?post=3725"}],"version-history":[{"count":1,"href":"https:\/\/www.bahiananoticias.com.br\/v1\/wp-json\/wp\/v2\/posts\/3725\/revisions"}],"predecessor-version":[{"id":3726,"href":"https:\/\/www.bahiananoticias.com.br\/v1\/wp-json\/wp\/v2\/posts\/3725\/revisions\/3726"}],"wp:featuredmedia":[{"embeddable":true,"href":"https:\/\/www.bahiananoticias.com.br\/v1\/wp-json\/wp\/v2\/media\/2915"}],"wp:attachment":[{"href":"https:\/\/www.bahiananoticias.com.br\/v1\/wp-json\/wp\/v2\/media?parent=3725"}],"wp:term":[{"taxonomy":"category","embeddable":true,"href":"https:\/\/www.bahiananoticias.com.br\/v1\/wp-json\/wp\/v2\/categories?post=3725"},{"taxonomy":"post_tag","embeddable":true,"href":"https:\/\/www.bahiananoticias.com.br\/v1\/wp-json\/wp\/v2\/tags?post=3725"}],"curies":[{"name":"wp","href":"https:\/\/api.w.org\/{rel}","templated":true}]}}