{"id":3676,"date":"2021-02-10T10:38:50","date_gmt":"2021-02-10T13:38:50","guid":{"rendered":"https:\/\/www.bahiananoticias.com.br\/v1\/?p=3676"},"modified":"2021-02-10T10:38:50","modified_gmt":"2021-02-10T13:38:50","slug":"em-ilheus-obras-do-hospital-materno-infantil-alcancam-98-de-avanco-fisico","status":"publish","type":"post","link":"https:\/\/www.bahiananoticias.com.br\/v1\/2021\/02\/10\/em-ilheus-obras-do-hospital-materno-infantil-alcancam-98-de-avanco-fisico\/","title":{"rendered":"EM ILH\u00c9US, OBRAS DO HOSPITAL MATERNO-INFANTIL ALCAN\u00c7AM 98% DE AVAN\u00c7O F\u00cdSICO"},"content":{"rendered":"<p><img decoding=\"async\" loading=\"lazy\" class=\"aligncenter size-full wp-image-3677\" src=\"https:\/\/www.bahiananoticias.com.br\/v1\/wp-content\/uploads\/2021\/02\/D2EE17DD-1AE0-CBEA-88BC-CCCBBAC1E71E_650X450.jpeg\" alt=\"\" width=\"650\" height=\"450\" srcset=\"https:\/\/www.bahiananoticias.com.br\/v1\/wp-content\/uploads\/2021\/02\/D2EE17DD-1AE0-CBEA-88BC-CCCBBAC1E71E_650X450.jpeg 650w, https:\/\/www.bahiananoticias.com.br\/v1\/wp-content\/uploads\/2021\/02\/D2EE17DD-1AE0-CBEA-88BC-CCCBBAC1E71E_650X450-300x208.jpeg 300w, https:\/\/www.bahiananoticias.com.br\/v1\/wp-content\/uploads\/2021\/02\/D2EE17DD-1AE0-CBEA-88BC-CCCBBAC1E71E_650X450-600x415.jpeg 600w\" sizes=\"(max-width: 650px) 100vw, 650px\" \/><\/p>\n<p>Polo de sa\u00fade do Sul da Bahia, essa \u00e9 a defini\u00e7\u00e3o do prefeito M\u00e1rio Alexandre em rela\u00e7\u00e3o ao pacote de investimentos executados em Ilh\u00e9us, reflexo da parceria exitosa com o Governo do Estado. A constru\u00e7\u00e3o do hospital materno-infantil de alta complexidade \u00e9 resultado do trabalho conjunto entre os entes, mas acima de tudo representa um importante passo na otimiza\u00e7\u00e3o da sa\u00fade no munic\u00edpio e em toda a regi\u00e3o.<\/p>\n<p>\u201cA gente avan\u00e7a na sa\u00fade com a execu\u00e7\u00e3o de obras extremamente importantes para a nossa cidade. Nessa parceria com o governador Rui Costa e toda a sua equipe vamos ampliar a cobertura da Aten\u00e7\u00e3o B\u00e1sica e melhorar a oferta de atendimento neonatal e pedi\u00e1trico, garantindo \u00e0s nossas m\u00e3es uma assist\u00eancia digna e de qualidade\u201d, frisou M\u00e1rio Alexandre.<\/p>\n<p>De acordo com Hugo D&#8217;Oliveira Santos, engenheiro respons\u00e1vel pela obra, nesta etapa est\u00e3o sendo executados os servi\u00e7os de pintura; pavimenta\u00e7\u00e3o externa; instala\u00e7\u00e3o em geral e de piso vin\u00edlico, coloca\u00e7\u00e3o de corrim\u00e3o inox; constru\u00e7\u00e3o de passeios; aplica\u00e7\u00e3o de Alum\u00ednio Composto (ACM) e limpeza final. Com 98,5% de avan\u00e7o f\u00edsico, o Governo estima que o hospital materno-infantil seja entregue at\u00e9 o m\u00eas de abril do ano em curso.<!--more--><\/p>\n<p><img decoding=\"async\" src=\"https:\/\/portalfacilclientes.blob.core.windows.net\/uploads\/ILHEUS\/img\/%7BC5B765E7-BEDD-A01C-2CDC-C55EBBCCEAD5%7D\/%7BC5B765E7-BEDD-A01C-2CDC-C55EBBCCEAD5%7D_650X450.jpeg\" alt=\"Materno-Infantil\" \/><\/p>\n<p>Conforme a Secretaria da Sa\u00fade do Estado da Bahia (Sesab), o equipamento vai dispor de uma unidade pedi\u00e1trica, com leitos de UTI; um moderno centro cir\u00fargico e obst\u00e9trico, com leitos para parto normal e ces\u00e1rea; al\u00e9m de leitos de terapia intensiva e semi-intensiva neonatal. Or\u00e7ado em R$ 40 milh\u00f5es, o hospital contar\u00e1 com 105 leitos de interna\u00e7\u00e3o, integrados \u00e0 Rede Cegonha e aten\u00e7\u00e3o \u00e0s urg\u00eancias e emerg\u00eancias com funcionamento 24 horas e acesso por demanda espont\u00e2nea e referenciada.<\/p>\n<p><strong>Mais investimentos<\/strong>\u00a0&#8211; Durante a edi\u00e7\u00e3o de ter\u00e7a-feira (9) do programa Papo Correria, o governador Rui Costa anunciou para a primeira quinzena do m\u00eas de mar\u00e7o a assinatura da ordem de servi\u00e7o para constru\u00e7\u00e3o de uma Unidade de Pronto Atendimento (UPA), no bairro Esperan\u00e7a e uma Unidade B\u00e1sica de Sa\u00fade (UBS), ao lado do Hospital Regional Costa do Cacau (HRCC). Somado aos investimentos em quest\u00e3o, o ente estadual avalia a abertura de 80 leitos no HRCC, visando desafogar a demanda por atendimento ambulatorial na regi\u00e3o. A Prefeitura, por sua vez, planeja construir mais cinco postos de sa\u00fade, aumentando a cobertura da Aten\u00e7\u00e3o B\u00e1sica de 56% para 75% em Ilh\u00e9us.<\/p>\n","protected":false},"excerpt":{"rendered":"<p>Polo de sa\u00fade do Sul da Bahia, essa \u00e9 a defini\u00e7\u00e3o do prefeito M\u00e1rio Alexandre em rela\u00e7\u00e3o ao pacote de investimentos executados em Ilh\u00e9us, reflexo da parceria exitosa com o Governo do Estado. A constru\u00e7\u00e3o do hospital materno-infantil de alta complexidade \u00e9 resultado do trabalho conjunto entre os entes, mas acima de tudo representa um [&hellip;]<\/p>\n","protected":false},"author":2,"featured_media":3677,"comment_status":"closed","ping_status":"closed","sticky":false,"template":"","format":"standard","meta":{"_links_to":"","_links_to_target":""},"categories":[11,5,35],"tags":[],"views":482,"_links":{"self":[{"href":"https:\/\/www.bahiananoticias.com.br\/v1\/wp-json\/wp\/v2\/posts\/3676"}],"collection":[{"href":"https:\/\/www.bahiananoticias.com.br\/v1\/wp-json\/wp\/v2\/posts"}],"about":[{"href":"https:\/\/www.bahiananoticias.com.br\/v1\/wp-json\/wp\/v2\/types\/post"}],"author":[{"embeddable":true,"href":"https:\/\/www.bahiananoticias.com.br\/v1\/wp-json\/wp\/v2\/users\/2"}],"replies":[{"embeddable":true,"href":"https:\/\/www.bahiananoticias.com.br\/v1\/wp-json\/wp\/v2\/comments?post=3676"}],"version-history":[{"count":1,"href":"https:\/\/www.bahiananoticias.com.br\/v1\/wp-json\/wp\/v2\/posts\/3676\/revisions"}],"predecessor-version":[{"id":3678,"href":"https:\/\/www.bahiananoticias.com.br\/v1\/wp-json\/wp\/v2\/posts\/3676\/revisions\/3678"}],"wp:featuredmedia":[{"embeddable":true,"href":"https:\/\/www.bahiananoticias.com.br\/v1\/wp-json\/wp\/v2\/media\/3677"}],"wp:attachment":[{"href":"https:\/\/www.bahiananoticias.com.br\/v1\/wp-json\/wp\/v2\/media?parent=3676"}],"wp:term":[{"taxonomy":"category","embeddable":true,"href":"https:\/\/www.bahiananoticias.com.br\/v1\/wp-json\/wp\/v2\/categories?post=3676"},{"taxonomy":"post_tag","embeddable":true,"href":"https:\/\/www.bahiananoticias.com.br\/v1\/wp-json\/wp\/v2\/tags?post=3676"}],"curies":[{"name":"wp","href":"https:\/\/api.w.org\/{rel}","templated":true}]}}