{"id":338,"date":"2020-09-17T11:39:05","date_gmt":"2020-09-17T14:39:05","guid":{"rendered":"https:\/\/www.bahiananoticias.com.br\/v1\/?p=338"},"modified":"2020-09-18T13:29:10","modified_gmt":"2020-09-18T16:29:10","slug":"veja-quais-sao-as-chapas-que-disputarao-a-prefeitura-de-ilheus","status":"publish","type":"post","link":"https:\/\/www.bahiananoticias.com.br\/v1\/2020\/09\/17\/veja-quais-sao-as-chapas-que-disputarao-a-prefeitura-de-ilheus\/","title":{"rendered":"VEJA QUAIS S\u00c3O AS CHAPAS QUE DISPUTAR\u00c3O A PREFEITURA DE ILH\u00c9US."},"content":{"rendered":"<p>Durante toda est\u00e1 semana a R\u00e1dio Bahiana de Ilh\u00e9us, esteve presente nas conven\u00e7\u00f5es partid\u00e1rias municipais, para trazer at\u00e9 seus ouvintes com exclusividade as chapas que est\u00e3o na corrida eleitoral para\u00a0a prefeitura de Ilh\u00e9us.<\/p>\n<p>Veja abaixo os candidatos a Prefeito e Vice e seus respectivos partidos.<\/p>\n<ul>\n<li>Prefeito M\u00e1rio (PSD). \/ Vice Bebeto (PSB).<\/li>\n<\/ul>\n<div id=\"attachment_339\" style=\"width: 457px\" class=\"wp-caption aligncenter\"><img aria-describedby=\"caption-attachment-339\" decoding=\"async\" loading=\"lazy\" class=\" wp-image-339\" src=\"https:\/\/www.bahiananoticias.com.br\/v1\/wp-content\/uploads\/2020\/09\/WhatsApp-Image-2020-09-17-at-10.49.32.jpeg\" alt=\"\" width=\"447\" height=\"292\" srcset=\"https:\/\/www.bahiananoticias.com.br\/v1\/wp-content\/uploads\/2020\/09\/WhatsApp-Image-2020-09-17-at-10.49.32.jpeg 570w, https:\/\/www.bahiananoticias.com.br\/v1\/wp-content\/uploads\/2020\/09\/WhatsApp-Image-2020-09-17-at-10.49.32-300x196.jpeg 300w\" sizes=\"(max-width: 447px) 100vw, 447px\" \/><p id=\"caption-attachment-339\" class=\"wp-caption-text\">Mario Alexandre e Bebeto<\/p><\/div>\n<ul>\n<li>Prefeito Cac\u00e1 (PP). \/ Vice\u00a0 Everaldo Anuncia\u00e7\u00e3o (PT)<\/li>\n<\/ul>\n<div id=\"attachment_340\" style=\"width: 404px\" class=\"wp-caption aligncenter\"><img aria-describedby=\"caption-attachment-340\" decoding=\"async\" loading=\"lazy\" class=\" wp-image-340\" src=\"https:\/\/www.bahiananoticias.com.br\/v1\/wp-content\/uploads\/2020\/09\/WhatsApp-Image-2020-09-17-at-10.49.32-1.jpeg\" alt=\"\" width=\"394\" height=\"355\" srcset=\"https:\/\/www.bahiananoticias.com.br\/v1\/wp-content\/uploads\/2020\/09\/WhatsApp-Image-2020-09-17-at-10.49.32-1.jpeg 570w, https:\/\/www.bahiananoticias.com.br\/v1\/wp-content\/uploads\/2020\/09\/WhatsApp-Image-2020-09-17-at-10.49.32-1-300x271.jpeg 300w\" sizes=\"(max-width: 394px) 100vw, 394px\" \/><p id=\"caption-attachment-340\" class=\"wp-caption-text\">CAC\u00c1 E EVERALDO<\/p><\/div>\n<ul>\n<li>Prefeito Valderico J\u00fanior (DEM). \/ Vice Prof Dorival (DEM).<\/li>\n<\/ul>\n<div id=\"attachment_341\" style=\"width: 409px\" class=\"wp-caption aligncenter\"><img aria-describedby=\"caption-attachment-341\" decoding=\"async\" loading=\"lazy\" class=\" wp-image-341\" src=\"https:\/\/www.bahiananoticias.com.br\/v1\/wp-content\/uploads\/2020\/09\/WhatsApp-Image-2020-09-17-at-10.49.33-2.jpeg\" alt=\"\" width=\"399\" height=\"402\" srcset=\"https:\/\/www.bahiananoticias.com.br\/v1\/wp-content\/uploads\/2020\/09\/WhatsApp-Image-2020-09-17-at-10.49.33-2.jpeg 619w, https:\/\/www.bahiananoticias.com.br\/v1\/wp-content\/uploads\/2020\/09\/WhatsApp-Image-2020-09-17-at-10.49.33-2-298x300.jpeg 298w, https:\/\/www.bahiananoticias.com.br\/v1\/wp-content\/uploads\/2020\/09\/WhatsApp-Image-2020-09-17-at-10.49.33-2-600x605.jpeg 600w, https:\/\/www.bahiananoticias.com.br\/v1\/wp-content\/uploads\/2020\/09\/WhatsApp-Image-2020-09-17-at-10.49.33-2-150x150.jpeg 150w\" sizes=\"(max-width: 399px) 100vw, 399px\" \/><p id=\"caption-attachment-341\" class=\"wp-caption-text\">Valderico e Dorival<\/p><\/div>\n<ul>\n<li>Prefeito Dr Cosme Ara\u00fajo (PDT). \/ Vice Capit\u00e3o Ildiceu Bastos (PDT).<\/li>\n<\/ul>\n<div id=\"attachment_342\" style=\"width: 424px\" class=\"wp-caption aligncenter\"><img aria-describedby=\"caption-attachment-342\" decoding=\"async\" loading=\"lazy\" class=\" wp-image-342\" src=\"https:\/\/www.bahiananoticias.com.br\/v1\/wp-content\/uploads\/2020\/09\/WhatsApp-Image-2020-09-12-at-23.30.59.jpeg\" alt=\"\" width=\"414\" height=\"311\" srcset=\"https:\/\/www.bahiananoticias.com.br\/v1\/wp-content\/uploads\/2020\/09\/WhatsApp-Image-2020-09-12-at-23.30.59.jpeg 570w, https:\/\/www.bahiananoticias.com.br\/v1\/wp-content\/uploads\/2020\/09\/WhatsApp-Image-2020-09-12-at-23.30.59-300x225.jpeg 300w\" sizes=\"(max-width: 414px) 100vw, 414px\" \/><p id=\"caption-attachment-342\" class=\"wp-caption-text\">Cosme Ara\u00fajo e Capit\u00e3o Ildiceu Bastos<\/p><\/div>\n<ul>\n<li>Prefeito Prof. Reinaldo Soares (PTB). \/ Vice Cl\u00f3vis Junior (PTB).<\/li>\n<\/ul>\n<div id=\"attachment_343\" style=\"width: 420px\" class=\"wp-caption aligncenter\"><img aria-describedby=\"caption-attachment-343\" decoding=\"async\" loading=\"lazy\" class=\" wp-image-343\" src=\"https:\/\/www.bahiananoticias.com.br\/v1\/wp-content\/uploads\/2020\/09\/WhatsApp-Image-2020-09-17-at-10.49.33.jpeg\" alt=\"\" width=\"410\" height=\"405\" srcset=\"https:\/\/www.bahiananoticias.com.br\/v1\/wp-content\/uploads\/2020\/09\/WhatsApp-Image-2020-09-17-at-10.49.33.jpeg 570w, https:\/\/www.bahiananoticias.com.br\/v1\/wp-content\/uploads\/2020\/09\/WhatsApp-Image-2020-09-17-at-10.49.33-300x296.jpeg 300w\" sizes=\"(max-width: 410px) 100vw, 410px\" \/><p id=\"caption-attachment-343\" class=\"wp-caption-text\">Prof. Reinaldo Soares e Vice Cl\u00f3vis Junior<\/p><\/div>\n<ul>\n<li>Prefeito Roberto Barbosa\u00a0 (Solidariedade). \/ Vice Gildo Pinto (Solidariedade).<\/li>\n<\/ul>\n<div id=\"attachment_345\" style=\"width: 448px\" class=\"wp-caption aligncenter\"><img aria-describedby=\"caption-attachment-345\" decoding=\"async\" loading=\"lazy\" class=\" wp-image-345\" src=\"https:\/\/www.bahiananoticias.com.br\/v1\/wp-content\/uploads\/2020\/09\/Roberto-barbosa.jpg\" alt=\"\" width=\"438\" height=\"203\" srcset=\"https:\/\/www.bahiananoticias.com.br\/v1\/wp-content\/uploads\/2020\/09\/Roberto-barbosa.jpg 570w, https:\/\/www.bahiananoticias.com.br\/v1\/wp-content\/uploads\/2020\/09\/Roberto-barbosa-300x139.jpg 300w\" sizes=\"(max-width: 438px) 100vw, 438px\" \/><p id=\"caption-attachment-345\" class=\"wp-caption-text\">Roberto Barbosa<\/p><\/div>\n<ul>\n<li>Prefeita Bernadete Souza(PSOL) \/ Vice Jacke Meira (PSOL).<\/li>\n<\/ul>\n<div id=\"attachment_344\" style=\"width: 416px\" class=\"wp-caption aligncenter\"><img aria-describedby=\"caption-attachment-344\" decoding=\"async\" loading=\"lazy\" class=\" wp-image-344\" src=\"https:\/\/www.bahiananoticias.com.br\/v1\/wp-content\/uploads\/2020\/09\/WhatsApp-Image-2020-09-17-at-10.49.33-1.jpeg\" alt=\"\" width=\"406\" height=\"270\" srcset=\"https:\/\/www.bahiananoticias.com.br\/v1\/wp-content\/uploads\/2020\/09\/WhatsApp-Image-2020-09-17-at-10.49.33-1.jpeg 621w, https:\/\/www.bahiananoticias.com.br\/v1\/wp-content\/uploads\/2020\/09\/WhatsApp-Image-2020-09-17-at-10.49.33-1-300x200.jpeg 300w, https:\/\/www.bahiananoticias.com.br\/v1\/wp-content\/uploads\/2020\/09\/WhatsApp-Image-2020-09-17-at-10.49.33-1-600x399.jpeg 600w\" sizes=\"(max-width: 406px) 100vw, 406px\" \/><p id=\"caption-attachment-344\" class=\"wp-caption-text\">Bernadete Souza e Jacke Meira<\/p><\/div>\n<ul>\n<li>Prefeito Jo\u00e3o Barros (PRTB). \/ Vice Enfermeira Daud Lima (PRTB).<\/li>\n<\/ul>\n<div id=\"attachment_346\" style=\"width: 379px\" class=\"wp-caption aligncenter\"><img aria-describedby=\"caption-attachment-346\" decoding=\"async\" loading=\"lazy\" class=\" wp-image-346\" src=\"https:\/\/www.bahiananoticias.com.br\/v1\/wp-content\/uploads\/2020\/09\/WhatsApp-Image-2020-09-17-at-11.35.39.jpeg\" alt=\"\" width=\"369\" height=\"369\" srcset=\"https:\/\/www.bahiananoticias.com.br\/v1\/wp-content\/uploads\/2020\/09\/WhatsApp-Image-2020-09-17-at-11.35.39.jpeg 570w, https:\/\/www.bahiananoticias.com.br\/v1\/wp-content\/uploads\/2020\/09\/WhatsApp-Image-2020-09-17-at-11.35.39-300x300.jpeg 300w, https:\/\/www.bahiananoticias.com.br\/v1\/wp-content\/uploads\/2020\/09\/WhatsApp-Image-2020-09-17-at-11.35.39-150x150.jpeg 150w\" sizes=\"(max-width: 369px) 100vw, 369px\" \/><p id=\"caption-attachment-346\" class=\"wp-caption-text\">Jo\u00e3o Barros e Enfermeira Daud Lima<\/p><\/div>\n<p>&nbsp;<\/p>\n","protected":false},"excerpt":{"rendered":"<p>Durante toda est\u00e1 semana a R\u00e1dio Bahiana de Ilh\u00e9us, esteve presente nas conven\u00e7\u00f5es partid\u00e1rias municipais, para trazer at\u00e9 seus ouvintes com exclusividade as chapas que est\u00e3o na corrida eleitoral para\u00a0a prefeitura de Ilh\u00e9us. Veja abaixo os candidatos a Prefeito e Vice e seus respectivos partidos. Prefeito M\u00e1rio (PSD). \/ Vice Bebeto (PSB). Prefeito Cac\u00e1 (PP). [&hellip;]<\/p>\n","protected":false},"author":2,"featured_media":347,"comment_status":"closed","ping_status":"closed","sticky":false,"template":"","format":"standard","meta":{"_links_to":"","_links_to_target":""},"categories":[11,3,10,35],"tags":[45,43,37,39],"views":621,"_links":{"self":[{"href":"https:\/\/www.bahiananoticias.com.br\/v1\/wp-json\/wp\/v2\/posts\/338"}],"collection":[{"href":"https:\/\/www.bahiananoticias.com.br\/v1\/wp-json\/wp\/v2\/posts"}],"about":[{"href":"https:\/\/www.bahiananoticias.com.br\/v1\/wp-json\/wp\/v2\/types\/post"}],"author":[{"embeddable":true,"href":"https:\/\/www.bahiananoticias.com.br\/v1\/wp-json\/wp\/v2\/users\/2"}],"replies":[{"embeddable":true,"href":"https:\/\/www.bahiananoticias.com.br\/v1\/wp-json\/wp\/v2\/comments?post=338"}],"version-history":[{"count":4,"href":"https:\/\/www.bahiananoticias.com.br\/v1\/wp-json\/wp\/v2\/posts\/338\/revisions"}],"predecessor-version":[{"id":353,"href":"https:\/\/www.bahiananoticias.com.br\/v1\/wp-json\/wp\/v2\/posts\/338\/revisions\/353"}],"wp:featuredmedia":[{"embeddable":true,"href":"https:\/\/www.bahiananoticias.com.br\/v1\/wp-json\/wp\/v2\/media\/347"}],"wp:attachment":[{"href":"https:\/\/www.bahiananoticias.com.br\/v1\/wp-json\/wp\/v2\/media?parent=338"}],"wp:term":[{"taxonomy":"category","embeddable":true,"href":"https:\/\/www.bahiananoticias.com.br\/v1\/wp-json\/wp\/v2\/categories?post=338"},{"taxonomy":"post_tag","embeddable":true,"href":"https:\/\/www.bahiananoticias.com.br\/v1\/wp-json\/wp\/v2\/tags?post=338"}],"curies":[{"name":"wp","href":"https:\/\/api.w.org\/{rel}","templated":true}]}}