{"id":325,"date":"2020-09-17T09:10:30","date_gmt":"2020-09-17T12:10:30","guid":{"rendered":"https:\/\/www.bahiananoticias.com.br\/v1\/?p=325"},"modified":"2020-09-17T09:11:00","modified_gmt":"2020-09-17T12:11:00","slug":"covid-19-rui-costa-libera-transporte-intermunicipal-em-303-dias","status":"publish","type":"post","link":"https:\/\/www.bahiananoticias.com.br\/v1\/2020\/09\/17\/covid-19-rui-costa-libera-transporte-intermunicipal-em-303-dias\/","title":{"rendered":"COVID-19: RUI COSTA LIBERA TRANSPORTE INTERMUNICIPAL EM 303 CIDADES"},"content":{"rendered":"<div id=\"attachment_326\" style=\"width: 580px\" class=\"wp-caption aligncenter\"><img aria-describedby=\"caption-attachment-326\" decoding=\"async\" loading=\"lazy\" class=\"size-full wp-image-326\" src=\"https:\/\/www.bahiananoticias.com.br\/v1\/wp-content\/uploads\/2020\/09\/Rui-Costa.jpeg\" alt=\"\" width=\"570\" height=\"362\" srcset=\"https:\/\/www.bahiananoticias.com.br\/v1\/wp-content\/uploads\/2020\/09\/Rui-Costa.jpeg 570w, https:\/\/www.bahiananoticias.com.br\/v1\/wp-content\/uploads\/2020\/09\/Rui-Costa-300x191.jpeg 300w\" sizes=\"(max-width: 570px) 100vw, 570px\" \/><p id=\"caption-attachment-326\" class=\"wp-caption-text\">Governador Rui Costa, libera transportes intermunicipais.<\/p><\/div>\n<p>&nbsp;<\/p>\n<p>Na \u00faltima segunda-feira,14, o Governador do Estado Rui Costa, durante uma coletiva a imprensa divulgou a\u00a0 libera\u00e7\u00e3o do transporte intermunicipal em 303 cidades da Bahia. O decreto tem validade at\u00e9\u00a0 27 de setembro, em que o Governador deixou claro que durante a dura\u00e7\u00e3o do decreto, ser\u00e1 feita uma avalia\u00e7\u00e3o e se tudo ocorrer bem, as 114 cidades que ainda n\u00e3o foram liberadas, podem ser adicionadas a lista.<\/p>\n<p>Confira a lista das cidades com transporte intermunicipal liberado:<\/p>\n<div class=\"mc-column content-text active-extra-styles\" data-block-type=\"raw\" data-block-weight=\"515\" data-block-id=\"12\">\n<ol class=\"content-ordered-list theme-ordered-list-color-primary\">\n<li>Aba\u00edra<\/li>\n<li>Abar\u00e9<\/li>\n<li>Acajutiba<\/li>\n<li>Adustina<\/li>\n<li>\u00c1gua Fria<\/li>\n<li>Alagoinhas<\/li>\n<li>Amargosa<\/li>\n<li>Am\u00e9lia Rodrigues<\/li>\n<li>Am\u00e9rica Dourada<\/li>\n<li>Anag\u00e9<\/li>\n<li>Andara\u00ed<\/li>\n<li>Andorinha<\/li>\n<li>Angical<\/li>\n<li>Anguera<\/li>\n<li>Antas<\/li>\n<li>Ant\u00f4nio Cardoso<\/li>\n<li>Ant\u00f4nio Gon\u00e7alves<\/li>\n<li>Apor\u00e1<\/li>\n<li>Ara\u00e7\u00e1s<\/li>\n<li>Aracatu<\/li>\n<li>Araci<\/li>\n<li>Aramari<\/li>\n<li>Aratu\u00edpe<\/li>\n<li>Baian\u00f3polis<\/li>\n<li>Baixa Grande<\/li>\n<li>Banza\u00ea<\/li>\n<li>Barra<\/li>\n<li>Barra da Estiva<\/li>\n<li>Barra do Cho\u00e7a<\/li>\n<li>Barra do Mendes<\/li>\n<li>Barreiras<\/li>\n<li>Barro Alto<\/li>\n<li>Barrocas<\/li>\n<li>Belo Campo<\/li>\n<li>Biritinga<\/li>\n<li>Boa Vista do Tupim<\/li>\n<li>Bom Jesus da Lapa<\/li>\n<li>Bom Jesus da Serra<\/li>\n<li>Boninal<\/li>\n<li>Bonito<\/li>\n<li>Boquira<\/li>\n<li>Botupor\u00e3<\/li>\n<li>Brejol\u00e2ndia<\/li>\n<li>Brotas de Maca\u00fabas<\/li>\n<li>Buritirama<\/li>\n<li>Cabaceiras do Paragua\u00e7u<\/li>\n<li>Cachoeira<\/li>\n<li>Ca\u00e9m<\/li>\n<li>Cafarnaum<\/li>\n<li>Cairu<\/li>\n<li>Caldeir\u00e3o Grande<\/li>\n<li>Cama\u00e7ari<\/li>\n<li>Campo Alegre de Lourdes<\/li>\n<li>Campo Formoso<\/li>\n<li>Can\u00e1polis<\/li>\n<li>Canarana<\/li>\n<li>Candeal<\/li>\n<li>Candeias<\/li>\n<li>Cansan\u00e7\u00e3o<\/li>\n<li>Canudos<\/li>\n<li>Capela do Alto Alegre<\/li>\n<li>Capim Grosso<\/li>\n<li>Cara\u00edbas<\/li>\n<li>Cardeal da Silva<\/li>\n<li>Carinhanha<\/li>\n<li>Casa Nova<\/li>\n<li>Castro Alves<\/li>\n<li>Catol\u00e2ndia<\/li>\n<li>Catu<\/li>\n<li>Caturama<\/li>\n<li>Central<\/li>\n<li>Chorroch\u00f3<\/li>\n<li>C\u00edcero Dantas<\/li>\n<li>Cip\u00f3<\/li>\n<li>Cocos<\/li>\n<li>Concei\u00e7\u00e3o da Feira<\/li>\n<li>Concei\u00e7\u00e3o do Almeida<\/li>\n<li>Concei\u00e7\u00e3o do Coit\u00e9<\/li>\n<li>Concei\u00e7\u00e3o do Jacu\u00edpe<\/li>\n<li>Conde<\/li>\n<li>Contendas do Sincor\u00e1<\/li>\n<li>Cora\u00e7\u00e3o de Maria<\/li>\n<li>Coribe<\/li>\n<li>Coronel Jo\u00e3o S\u00e1<\/li>\n<li>Correntina<\/li>\n<li>Cotegipe<\/li>\n<li>Cravol\u00e2ndia<\/li>\n<li>Cris\u00f3polis<\/li>\n<li>Crist\u00f3polis<\/li>\n<li>Cruz das Almas<\/li>\n<li>Cura\u00e7\u00e1<\/li>\n<li>Dias d\u2019\u00c1vila<\/li>\n<li>Dom Bas\u00edlio<\/li>\n<li>Dom Macedo Costa<\/li>\n<li>El\u00edsio Medrado<\/li>\n<li>Entre Rios<\/li>\n<li>\u00c9rico Cardoso<\/li>\n<li>Esplanada<\/li>\n<li>Euclides da Cunha<\/li>\n<li>F\u00e1tima<\/li>\n<li>Feira da Mata<\/li>\n<li>Feira de Santana<\/li>\n<li>Filad\u00e9lfia<\/li>\n<li>Formosa do Rio Preto<\/li>\n<li>Gavi\u00e3o<\/li>\n<li>Gentio do Ouro<\/li>\n<li>Gl\u00f3ria<\/li>\n<li>Governador Mangabeira<\/li>\n<li>Guajeru<\/li>\n<li>Heli\u00f3polis<\/li>\n<li>Ia\u00e7u<\/li>\n<li>Ibicoara<\/li>\n<li>Ibipeba<\/li>\n<li>Ibipitanga<\/li>\n<li>Ibiquera<\/li>\n<li>Ibitiara<\/li>\n<li>Ibitit\u00e1<\/li>\n<li>Ibotirama<\/li>\n<li>Ichu<\/li>\n<li>Igapor\u00e3<\/li>\n<li>Inhambupe<\/li>\n<li>Ipecaet\u00e1<\/li>\n<li>Ipir\u00e1<\/li>\n<li>Ipupiara<\/li>\n<li>Iraquara<\/li>\n<li>Irar\u00e1<\/li>\n<li>Irec\u00ea<\/li>\n<li>Itaberaba<\/li>\n<li>Itaet\u00ea<\/li>\n<li>Itagua\u00e7u da Bahia<\/li>\n<li>Itanagra<\/li>\n<li>Itaparica<\/li>\n<li>Itapicuru<\/li>\n<li>Itatim<\/li>\n<li>Iti\u00faba<\/li>\n<li>Itua\u00e7u<\/li>\n<li>Iuiu<\/li>\n<li>Jaborandi<\/li>\n<li>Jacobina<\/li>\n<li>Jaguaquara<\/li>\n<li>Jaguarari<\/li>\n<li>Jaguaripe<\/li>\n<li>Janda\u00edra<\/li>\n<li>Jequi\u00e9<\/li>\n<li>Jeremoabo<\/li>\n<li>Jiquiri\u00e7\u00e1<\/li>\n<li>Jo\u00e3o Dourado<\/li>\n<li>Juazeiro<\/li>\n<li>Jussara<\/li>\n<li>Jussiape<\/li>\n<li>Lafaiete Coutinho<\/li>\n<li>Lagoa Real<\/li>\n<li>Laje<\/li>\n<li>Lajedinho<\/li>\n<li>Lajedo do Tabocal<\/li>\n<li>Lamar\u00e3o<\/li>\n<li>Lap\u00e3o<\/li>\n<li>Lauro de Freitas<\/li>\n<li>Len\u00e7\u00f3is<\/li>\n<li>Lic\u00ednio de Almeida<\/li>\n<li>Livramento de Nossa Senhora<\/li>\n<li>Lu\u00eds Eduardo Magalh\u00e3es<\/li>\n<li>Macajuba<\/li>\n<li>Maca\u00fabas<\/li>\n<li>Macurur\u00e9<\/li>\n<li>Madre de Deus<\/li>\n<li>Mairi<\/li>\n<li>Malhada<\/li>\n<li>Mansid\u00e3o<\/li>\n<li>Marac\u00e1s<\/li>\n<li>Maragogipe<\/li>\n<li>Marcion\u00edlio Souza<\/li>\n<li>Mata de S\u00e3o Jo\u00e3o<\/li>\n<li>Matina<\/li>\n<li>Miguel Calmon<\/li>\n<li>Milagres<\/li>\n<li>Mirangaba<\/li>\n<li>Monte Santo<\/li>\n<li>Morpar\u00e1<\/li>\n<li>Morro do Chap\u00e9u<\/li>\n<li>Mucug\u00ea<\/li>\n<li>Mulungu do Morro<\/li>\n<li>Mundo Novo<\/li>\n<li>Muniz Ferreira<\/li>\n<li>Muqu\u00e9m do S\u00e3o Francisco<\/li>\n<li>Muritiba<\/li>\n<li>Mutu\u00edpe<\/li>\n<li>Nazar\u00e9<\/li>\n<li>Nilo Pe\u00e7anha<\/li>\n<li>Nordestina<\/li>\n<li>Nova F\u00e1tima<\/li>\n<li>Nova Ibi\u00e1<\/li>\n<li>Nova Reden\u00e7\u00e3o<\/li>\n<li>Nova Soure<\/li>\n<li>Novo Horizonte<\/li>\n<li>Novo Triunfo<\/li>\n<li>Olindina<\/li>\n<li>Oliveira dos Brejinhos<\/li>\n<li>Ouri\u00e7angas<\/li>\n<li>Ourol\u00e2ndia<\/li>\n<li>Palmeiras<\/li>\n<li>Paramirim<\/li>\n<li>Paratinga<\/li>\n<li>Paripiranga<\/li>\n<li>Paulo Afonso<\/li>\n<li>P\u00e9 de Serra<\/li>\n<li>Pedr\u00e3o<\/li>\n<li>Pedro Alexandre<\/li>\n<li>Piat\u00e3<\/li>\n<li>Pil\u00e3o Arcado<\/li>\n<li>Pindoba\u00e7u<\/li>\n<li>Pintadas<\/li>\n<li>Pira\u00ed do Norte<\/li>\n<li>Pirip\u00e1<\/li>\n<li>Piritiba<\/li>\n<li>Planaltino<\/li>\n<li>Pojuca<\/li>\n<li>Ponto Novo<\/li>\n<li>Presidente Dutra<\/li>\n<li>Presidente Tancredo Neves<\/li>\n<li>Queimadas<\/li>\n<li>Quijingue<\/li>\n<li>Quixabeira<\/li>\n<li>Rafael Jambeiro<\/li>\n<li>Remanso<\/li>\n<li>Retirol\u00e2ndia<\/li>\n<li>Riach\u00e3o das Neves<\/li>\n<li>Riach\u00e3o do Jacu\u00edpe<\/li>\n<li>Riacho de Santana<\/li>\n<li>Ribeira do Amparo<\/li>\n<li>Ribeira do Pombal<\/li>\n<li>Rio de Contas<\/li>\n<li>Rio do Pires<\/li>\n<li>Rio Real<\/li>\n<li>Rodelas<\/li>\n<li>Ruy Barbosa<\/li>\n<li>Salinas da Margarida<\/li>\n<li>Salvador<\/li>\n<li>Santa B\u00e1rbara<\/li>\n<li>Santa Br\u00edgida<\/li>\n<li>Santa In\u00eas<\/li>\n<li>Santa Maria da Vit\u00f3ria<\/li>\n<li>Santa Rita de C\u00e1ssia<\/li>\n<li>Santa Teresinha<\/li>\n<li>Santaluz<\/li>\n<li>Santana<\/li>\n<li>Santan\u00f3polis<\/li>\n<li>Santo Amaro<\/li>\n<li>Santo Ant\u00f4nio de Jesus<\/li>\n<li>Santo Est\u00eav\u00e3o<\/li>\n<li>S\u00e3o Desid\u00e9rio<\/li>\n<li>S\u00e3o Domingos<\/li>\n<li>S\u00e3o Felipe<\/li>\n<li>S\u00e3o F\u00e9lix<\/li>\n<li>S\u00e3o F\u00e9lix do Coribe<\/li>\n<li>S\u00e3o Francisco do Conde<\/li>\n<li>S\u00e3o Gabriel<\/li>\n<li>S\u00e3o Gon\u00e7alo dos Campos<\/li>\n<li>S\u00e3o Jos\u00e9 do Jacu\u00edpe<\/li>\n<li>S\u00e3o Miguel das Matas<\/li>\n<li>S\u00e3o Sebasti\u00e3o do Pass\u00e9<\/li>\n<li>Sapea\u00e7u<\/li>\n<li>S\u00e1tiro Dias<\/li>\n<li>Saubara<\/li>\n<li>Sa\u00fade<\/li>\n<li>Seabra<\/li>\n<li>Senhor do Bonfim<\/li>\n<li>Sento S\u00e9<\/li>\n<li>Serra do Ramalho<\/li>\n<li>Serra Dourada<\/li>\n<li>Serra Preta<\/li>\n<li>Serrinha<\/li>\n<li>Serrol\u00e2ndia<\/li>\n<li>Sim\u00f5es Filho<\/li>\n<li>S\u00edtio do Mato<\/li>\n<li>S\u00edtio do Quinto<\/li>\n<li>Sobradinho<\/li>\n<li>Souto Soares<\/li>\n<li>Tabocas do Brejo Velho<\/li>\n<li>Tanque Novo<\/li>\n<li>Tanquinho<\/li>\n<li>Tapero\u00e1<\/li>\n<li>Tapiramut\u00e1<\/li>\n<li>Teodoro Sampaio<\/li>\n<li>Teofil\u00e2ndia<\/li>\n<li>Teol\u00e2ndia<\/li>\n<li>Terra Nova<\/li>\n<li>Tucano<\/li>\n<li>Uau\u00e1<\/li>\n<li>Uba\u00edra<\/li>\n<li>Uiba\u00ed<\/li>\n<li>Umburanas<\/li>\n<li>Utinga<\/li>\n<li>Valen\u00e7a<\/li>\n<li>Valente<\/li>\n<li>V\u00e1rzea da Ro\u00e7a<\/li>\n<li>V\u00e1rzea do Po\u00e7o<\/li>\n<li>V\u00e1rzea Nova<\/li>\n<li>Varzedo<\/li>\n<li>Vera Cruz<\/li>\n<li>Wagner<\/li>\n<li>Wanderley<\/li>\n<li>Xique-Xique<\/li>\n<\/ol>\n<\/div>\n<div class=\"content-ads content-ads--reveal\" data-block-type=\"ads\" data-block-id=\"13\">\n<div id=\"banner_materia__c586791f-e2d3-4e55-b188-f05a02a7a4ec\" class=\"tag-manager-publicidade-container mc-has-reveal mc-has-ad-lazyload tag-manager-publicidade-banner_materia__c586791f-e2d3-4e55-b188-f05a02a7a4ec tag-manager-publicidade-container--carregado tag-manager-publicidade-container--visivel\" data-id=\"banner_materia__c586791f-e2d3-4e55-b188-f05a02a7a4ec\" data-google-query-id=\"CMahmciR8OsCFSQIuQYd720PkA\" data-cid=\"138317288594\" data-lid=\"5425023001\"><\/div>\n<\/div>\n<p>Sobre os transportes interurbanos, que liga cidades de um mesma regi\u00e3o metropolitana, como Ilh\u00e9us e Itabuna foram liberados em todo o estado.<\/p>\n","protected":false},"excerpt":{"rendered":"<p>&nbsp; Na \u00faltima segunda-feira,14, o Governador do Estado Rui Costa, durante uma coletiva a imprensa divulgou a\u00a0 libera\u00e7\u00e3o do transporte intermunicipal em 303 cidades da Bahia. O decreto tem validade at\u00e9\u00a0 27 de setembro, em que o Governador deixou claro que durante a dura\u00e7\u00e3o do decreto, ser\u00e1 feita uma avalia\u00e7\u00e3o e se tudo ocorrer bem, [&hellip;]<\/p>\n","protected":false},"author":2,"featured_media":326,"comment_status":"closed","ping_status":"closed","sticky":false,"template":"","format":"standard","meta":{"_links_to":"","_links_to_target":""},"categories":[11,35],"tags":[45,37,38,44],"views":500,"_links":{"self":[{"href":"https:\/\/www.bahiananoticias.com.br\/v1\/wp-json\/wp\/v2\/posts\/325"}],"collection":[{"href":"https:\/\/www.bahiananoticias.com.br\/v1\/wp-json\/wp\/v2\/posts"}],"about":[{"href":"https:\/\/www.bahiananoticias.com.br\/v1\/wp-json\/wp\/v2\/types\/post"}],"author":[{"embeddable":true,"href":"https:\/\/www.bahiananoticias.com.br\/v1\/wp-json\/wp\/v2\/users\/2"}],"replies":[{"embeddable":true,"href":"https:\/\/www.bahiananoticias.com.br\/v1\/wp-json\/wp\/v2\/comments?post=325"}],"version-history":[{"count":2,"href":"https:\/\/www.bahiananoticias.com.br\/v1\/wp-json\/wp\/v2\/posts\/325\/revisions"}],"predecessor-version":[{"id":328,"href":"https:\/\/www.bahiananoticias.com.br\/v1\/wp-json\/wp\/v2\/posts\/325\/revisions\/328"}],"wp:featuredmedia":[{"embeddable":true,"href":"https:\/\/www.bahiananoticias.com.br\/v1\/wp-json\/wp\/v2\/media\/326"}],"wp:attachment":[{"href":"https:\/\/www.bahiananoticias.com.br\/v1\/wp-json\/wp\/v2\/media?parent=325"}],"wp:term":[{"taxonomy":"category","embeddable":true,"href":"https:\/\/www.bahiananoticias.com.br\/v1\/wp-json\/wp\/v2\/categories?post=325"},{"taxonomy":"post_tag","embeddable":true,"href":"https:\/\/www.bahiananoticias.com.br\/v1\/wp-json\/wp\/v2\/tags?post=325"}],"curies":[{"name":"wp","href":"https:\/\/api.w.org\/{rel}","templated":true}]}}