{"id":3249,"date":"2021-01-25T09:34:43","date_gmt":"2021-01-25T12:34:43","guid":{"rendered":"https:\/\/www.bahiananoticias.com.br\/v1\/?p=3249"},"modified":"2021-01-25T09:34:43","modified_gmt":"2021-01-25T12:34:43","slug":"aviao-com-jogadores-e-presidente-do-palmas-cai-e-deixa-6-mortos-aeronave-caiu-logo-apos-decolagem","status":"publish","type":"post","link":"https:\/\/www.bahiananoticias.com.br\/v1\/2021\/01\/25\/aviao-com-jogadores-e-presidente-do-palmas-cai-e-deixa-6-mortos-aeronave-caiu-logo-apos-decolagem\/","title":{"rendered":"AVI\u00c3O COM JOGADORES E PRESIDENTE DO PALMAS CAI E DEIXA 6 MORTOS; AERONAVE CAIU LOGO AP\u00d3S DECOLAGEM"},"content":{"rendered":"<div id=\"attachment_3250\" style=\"width: 580px\" class=\"wp-caption aligncenter\"><img aria-describedby=\"caption-attachment-3250\" decoding=\"async\" loading=\"lazy\" class=\"size-full wp-image-3250\" src=\"https:\/\/www.bahiananoticias.com.br\/v1\/wp-content\/uploads\/2021\/01\/whatsapp-image-2021-01-24-at-10.11.13-am-768x556.jpeg\" alt=\"\" width=\"570\" height=\"413\" srcset=\"https:\/\/www.bahiananoticias.com.br\/v1\/wp-content\/uploads\/2021\/01\/whatsapp-image-2021-01-24-at-10.11.13-am-768x556.jpeg 570w, https:\/\/www.bahiananoticias.com.br\/v1\/wp-content\/uploads\/2021\/01\/whatsapp-image-2021-01-24-at-10.11.13-am-768x556-300x217.jpeg 300w\" sizes=\"(max-width: 570px) 100vw, 570px\" \/><p id=\"caption-attachment-3250\" class=\"wp-caption-text\">Aeronave caiu perto da cabeceira de uma pista de pouso no distrito. Delega\u00e7\u00e3o ia para Goi\u00e2nia enfrentar o Vila Nova pela Copa Verde.<\/p><\/div>\n<div class=\"mc-column content-text active-extra-styles \" data-block-type=\"unstyled\" data-block-weight=\"66\" data-block-id=\"2\">\n<p class=\"content-text__container \" data-track-category=\"Link no Texto\" data-track-links=\"\">Um avi\u00e3o com parte da equipe do Palmas Futebol e Regatas, time da S\u00e9rie D, caiu na manh\u00e3 deste domingo (24), pouco ap\u00f3s decolar, no distrito de Luzimangues, em Porto Nacional (TO). \u00a0Quatro jogadores, o presidente da agremia\u00e7\u00e3o, Lucas Meira, de 32 anos, e o piloto da aeronave morreram.<\/p>\n<\/div>\n<div class=\"wall protected-content\">\n<div class=\"mc-column content-text active-extra-styles \" data-block-type=\"unstyled\" data-block-weight=\"36\" data-block-id=\"3\">\n<p class=\"content-text__container \" data-track-category=\"Link no Texto\" data-track-links=\"\">Os atletas que morreram s\u00e3o Lucas Praxedes, de 23 anos; Guilherme No\u00e9, de 28 anos; Ranule, de 27 anos e Marcus Molinari, de 23 anos. O piloto foi identificado como comandante Wagner Machado, de 59 anos.<\/p>\n<\/div>\n<div class=\"mc-column content-text active-extra-styles \" data-block-type=\"unstyled\" data-block-weight=\"25\" data-block-id=\"4\">\n<p class=\"content-text__container \" data-track-category=\"Link no Texto\" data-track-links=\"\">O Palmas informou que os atletas estavam no voo particular porque\u00a0tinham sido diagnosticados com a Covid-19\u00a0e o per\u00edodo de isolamento terminaria neste domingo.<\/p>\n<\/div>\n<\/div>\n<p><!--more--><\/p>\n<div class=\"mc-column content-text active-extra-styles \" data-block-type=\"unstyled\" data-block-weight=\"56\" data-block-id=\"6\">\n<p class=\"content-text__container \" data-track-category=\"Link no Texto\" data-track-links=\"\">A equipe enfrentaria o Vila Nova pela Copa Verde em Goi\u00e2nia. A partida estava programada para esta segunda-feira (25). O Vila Nova emitiu nota lamentando o acidente e informando que vai colaborar para o adiamento da partida. A Confedera\u00e7\u00e3o Brasileira de Futebol (CBF) informou que o jogo est\u00e1 adiado e n\u00e3o tem nova data para acontecer.<\/p>\n<\/div>\n<div class=\"mc-column content-text active-extra-styles \" data-block-type=\"unstyled\" data-block-weight=\"26\" data-block-id=\"7\">\n<p class=\"content-text__container \" data-track-category=\"Link no Texto\" data-track-links=\"\">A Aeron\u00e1utica informou que\u00a0enviou uma equipe de Bras\u00edlia para Porto Nacional\u00a0para investigar o acidente. Ainda n\u00e3o foi informado quanto tempo a apura\u00e7\u00e3o deve demorar.<\/p>\n<div class=\"mc-column content-text active-extra-styles \" data-block-type=\"unstyled\" data-block-weight=\"38\" data-block-id=\"9\">\n<p class=\"content-text__container \" data-track-category=\"Link no Texto\" data-track-links=\"\">O Corpo de Bombeiros informou que se trata de um bimotor modelo Baron, de prefixo PTLYG. O site da fabricante do avi\u00e3o, a Beechcraft, indica que este tipo de aeronave pode transportar no m\u00e1ximo seis pessoas por voo.<\/p>\n<\/div>\n<div class=\"mc-column content-text active-extra-styles \" data-block-type=\"unstyled\" data-block-weight=\"67\" data-block-id=\"10\">\n<p class=\"content-text__container \" data-track-category=\"Link no Texto\" data-track-links=\"\">De acordo com o Registro Aeron\u00e1utico Brasileiro (RAB), o avi\u00e3o pertencia a uma construtora com sede no Par\u00e1 e n\u00e3o tinha autoriza\u00e7\u00e3o para realiza\u00e7\u00e3o de servi\u00e7os de t\u00e1xi a\u00e9reo. A assessoria do Palmas informou que o avi\u00e3o tinha sido adquirido h\u00e1 pouco tempo pelo presidente, Lucas Meira, e que estava em fase de transfer\u00eancia. O time informou que o avi\u00e3o n\u00e3o estava realizando servi\u00e7o de t\u00e1xi a\u00e9reo.<\/p>\n<p data-track-category=\"Link no Texto\" data-track-links=\"\">Veja a nota divulgada pelo Palmas Futebol e Regatas:<\/p>\n<p data-track-category=\"Link no Texto\" data-track-links=\"\"><em>O Palmas Futebol e Regatas vem por meio desta informar que por volta das 8h15 da manh\u00e3 deste domingo, 24, ocorreu um acidente a\u00e9reo envolvendo o presidente do clube Lucas Meira, quando decolava para Goi\u00e2nia, para a partida entre Vila Nova x Palmas nesta segunda, 25, v\u00e1lida pela Copa Verde. O avi\u00e3o em que Lucas estava junto com o comandante Wagner e os atletas Lucas Praxedes, Guilherme No\u00e9, Ranule e Marcus Molinari, decolou e caiu no final da pista da Associa\u00e7\u00e3o Tocantinense de Avia\u00e7\u00e3o. Lamentamos informar que n\u00e3o h\u00e1 sobreviventes. Neste momento de dor e consterna\u00e7\u00e3o, o clube p<\/em><em>ede ora\u00e7\u00f5es pelos familiares aos quais prestar\u00e1 os devidos apoios, e ressalta que no momento oportuno voltar\u00e1 a se pronunciar<\/em><\/p>\n<p data-track-category=\"Link no Texto\" data-track-links=\"\">\n<\/div>\n<\/div>\n","protected":false},"excerpt":{"rendered":"<p>Um avi\u00e3o com parte da equipe do Palmas Futebol e Regatas, time da S\u00e9rie D, caiu na manh\u00e3 deste domingo (24), pouco ap\u00f3s decolar, no distrito de Luzimangues, em Porto Nacional (TO). \u00a0Quatro jogadores, o presidente da agremia\u00e7\u00e3o, Lucas Meira, de 32 anos, e o piloto da aeronave morreram. Os atletas que morreram s\u00e3o Lucas [&hellip;]<\/p>\n","protected":false},"author":2,"featured_media":3250,"comment_status":"closed","ping_status":"closed","sticky":false,"template":"","format":"standard","meta":{"_links_to":"","_links_to_target":""},"categories":[9],"tags":[],"views":509,"_links":{"self":[{"href":"https:\/\/www.bahiananoticias.com.br\/v1\/wp-json\/wp\/v2\/posts\/3249"}],"collection":[{"href":"https:\/\/www.bahiananoticias.com.br\/v1\/wp-json\/wp\/v2\/posts"}],"about":[{"href":"https:\/\/www.bahiananoticias.com.br\/v1\/wp-json\/wp\/v2\/types\/post"}],"author":[{"embeddable":true,"href":"https:\/\/www.bahiananoticias.com.br\/v1\/wp-json\/wp\/v2\/users\/2"}],"replies":[{"embeddable":true,"href":"https:\/\/www.bahiananoticias.com.br\/v1\/wp-json\/wp\/v2\/comments?post=3249"}],"version-history":[{"count":1,"href":"https:\/\/www.bahiananoticias.com.br\/v1\/wp-json\/wp\/v2\/posts\/3249\/revisions"}],"predecessor-version":[{"id":3251,"href":"https:\/\/www.bahiananoticias.com.br\/v1\/wp-json\/wp\/v2\/posts\/3249\/revisions\/3251"}],"wp:featuredmedia":[{"embeddable":true,"href":"https:\/\/www.bahiananoticias.com.br\/v1\/wp-json\/wp\/v2\/media\/3250"}],"wp:attachment":[{"href":"https:\/\/www.bahiananoticias.com.br\/v1\/wp-json\/wp\/v2\/media?parent=3249"}],"wp:term":[{"taxonomy":"category","embeddable":true,"href":"https:\/\/www.bahiananoticias.com.br\/v1\/wp-json\/wp\/v2\/categories?post=3249"},{"taxonomy":"post_tag","embeddable":true,"href":"https:\/\/www.bahiananoticias.com.br\/v1\/wp-json\/wp\/v2\/tags?post=3249"}],"curies":[{"name":"wp","href":"https:\/\/api.w.org\/{rel}","templated":true}]}}