{"id":319,"date":"2020-09-16T16:41:09","date_gmt":"2020-09-16T19:41:09","guid":{"rendered":"https:\/\/www.bahiananoticias.com.br\/v1\/?p=319"},"modified":"2020-09-16T16:41:09","modified_gmt":"2020-09-16T19:41:09","slug":"covid-19-apos-1-mes-internada-idosa-de-104-anos-recebe-alta-hospitalar-em-ilheus","status":"publish","type":"post","link":"https:\/\/www.bahiananoticias.com.br\/v1\/2020\/09\/16\/covid-19-apos-1-mes-internada-idosa-de-104-anos-recebe-alta-hospitalar-em-ilheus\/","title":{"rendered":"COVID-19: AP\u00d3S 1 M\u00caS INTERNADA, IDOSA DE 104 ANOS RECEBE ALTA HOSPITALAR EM ILH\u00c9US."},"content":{"rendered":"<p><img decoding=\"async\" loading=\"lazy\" class=\"aligncenter size-full wp-image-320\" src=\"https:\/\/www.bahiananoticias.com.br\/v1\/wp-content\/uploads\/2020\/09\/IDOSA-DE-104-ANOS-RECEBE-ALTA.jpg\" alt=\"\" width=\"570\" height=\"321\" srcset=\"https:\/\/www.bahiananoticias.com.br\/v1\/wp-content\/uploads\/2020\/09\/IDOSA-DE-104-ANOS-RECEBE-ALTA.jpg 570w, https:\/\/www.bahiananoticias.com.br\/v1\/wp-content\/uploads\/2020\/09\/IDOSA-DE-104-ANOS-RECEBE-ALTA-300x169.jpg 300w\" sizes=\"(max-width: 570px) 100vw, 570px\" \/><\/p>\n<p>&nbsp;<\/p>\n<p>Uma idosa de 104 anos recebeu alta do Hospital de Ilh\u00e9us, sul da Bahia, nesta ter\u00e7a-feira (15), ap\u00f3s se recuperar da Covid-19. A sa\u00edda dela da unidade foi celebrada por familiares e funcion\u00e1rios, com m\u00fasica e bal\u00f5es coloridos.<br \/>\nAlice Fernandes Gon\u00e7alves ficou internada desde o dia 22 de agosto no Hospital de Ilh\u00e9us. Nascida em novembro de 1915, a idosa est\u00e1 perto de completar 105 anos.<\/p>\n<p>Segundo informa\u00e7\u00f5es do Hospital de Ilh\u00e9us, a paciente teve de fazer uso de aparelho de oxig\u00eanio na maior parte da interna\u00e7\u00e3o, mas n\u00e3o chegou a ficar em uma Unidade de Tratamento Intensivo (UTI). O caso foi delicado porque ela tamb\u00e9m \u00e9 portadora de DPOC (Doen\u00e7a Pulmonar Obstrutiva Cr\u00f4nica).<br \/>\nAo hospital, a fam\u00edlia da idosa contou que ela j\u00e1 havia tido outro problema com v\u00edrus pulmonares: aos cinco anos de idade contraiu a gripe espanhola. Fam\u00edlia vai celebrar os 105 anos de vida de dona Alice no dia 2 de novembro.<\/p>\n","protected":false},"excerpt":{"rendered":"<p>&nbsp; Uma idosa de 104 anos recebeu alta do Hospital de Ilh\u00e9us, sul da Bahia, nesta ter\u00e7a-feira (15), ap\u00f3s se recuperar da Covid-19. A sa\u00edda dela da unidade foi celebrada por familiares e funcion\u00e1rios, com m\u00fasica e bal\u00f5es coloridos. Alice Fernandes Gon\u00e7alves ficou internada desde o dia 22 de agosto no Hospital de Ilh\u00e9us. Nascida [&hellip;]<\/p>\n","protected":false},"author":2,"featured_media":320,"comment_status":"closed","ping_status":"closed","sticky":false,"template":"","format":"standard","meta":{"_links_to":"","_links_to_target":""},"categories":[11,10,35],"tags":[37,38,42],"views":540,"_links":{"self":[{"href":"https:\/\/www.bahiananoticias.com.br\/v1\/wp-json\/wp\/v2\/posts\/319"}],"collection":[{"href":"https:\/\/www.bahiananoticias.com.br\/v1\/wp-json\/wp\/v2\/posts"}],"about":[{"href":"https:\/\/www.bahiananoticias.com.br\/v1\/wp-json\/wp\/v2\/types\/post"}],"author":[{"embeddable":true,"href":"https:\/\/www.bahiananoticias.com.br\/v1\/wp-json\/wp\/v2\/users\/2"}],"replies":[{"embeddable":true,"href":"https:\/\/www.bahiananoticias.com.br\/v1\/wp-json\/wp\/v2\/comments?post=319"}],"version-history":[{"count":1,"href":"https:\/\/www.bahiananoticias.com.br\/v1\/wp-json\/wp\/v2\/posts\/319\/revisions"}],"predecessor-version":[{"id":321,"href":"https:\/\/www.bahiananoticias.com.br\/v1\/wp-json\/wp\/v2\/posts\/319\/revisions\/321"}],"wp:featuredmedia":[{"embeddable":true,"href":"https:\/\/www.bahiananoticias.com.br\/v1\/wp-json\/wp\/v2\/media\/320"}],"wp:attachment":[{"href":"https:\/\/www.bahiananoticias.com.br\/v1\/wp-json\/wp\/v2\/media?parent=319"}],"wp:term":[{"taxonomy":"category","embeddable":true,"href":"https:\/\/www.bahiananoticias.com.br\/v1\/wp-json\/wp\/v2\/categories?post=319"},{"taxonomy":"post_tag","embeddable":true,"href":"https:\/\/www.bahiananoticias.com.br\/v1\/wp-json\/wp\/v2\/tags?post=319"}],"curies":[{"name":"wp","href":"https:\/\/api.w.org\/{rel}","templated":true}]}}