{"id":317,"date":"2020-09-16T12:28:49","date_gmt":"2020-09-16T15:28:49","guid":{"rendered":"https:\/\/www.bahiananoticias.com.br\/v1\/?p=317"},"modified":"2020-09-16T12:28:49","modified_gmt":"2020-09-16T15:28:49","slug":"nilton-cruz-declara-apoio-a-marao","status":"publish","type":"post","link":"https:\/\/www.bahiananoticias.com.br\/v1\/2020\/09\/16\/nilton-cruz-declara-apoio-a-marao\/","title":{"rendered":"NILTON CRUZ DECLARA APOIO A MAR\u00c3O"},"content":{"rendered":"<div id=\"attachment_300\" style=\"width: 510px\" class=\"wp-caption aligncenter\"><img aria-describedby=\"caption-attachment-300\" decoding=\"async\" loading=\"lazy\" class=\"size-full wp-image-300\" src=\"https:\/\/www.bahiananoticias.com.br\/v1\/wp-content\/uploads\/2020\/09\/Nilton-Cruz.jpeg\" alt=\"\" width=\"500\" height=\"281\" srcset=\"https:\/\/www.bahiananoticias.com.br\/v1\/wp-content\/uploads\/2020\/09\/Nilton-Cruz.jpeg 500w, https:\/\/www.bahiananoticias.com.br\/v1\/wp-content\/uploads\/2020\/09\/Nilton-Cruz-300x169.jpeg 300w\" sizes=\"(max-width: 500px) 100vw, 500px\" \/><p id=\"caption-attachment-300\" class=\"wp-caption-text\">Nilton Cruz declara apoio a Mar\u00e3o.<\/p><\/div>\n<p><strong>Por Pol\u00edticos do Sul da Bahia<\/strong><\/p>\n<p>Nesta quarta-feira o site manteve contato com o empres\u00e1rio Nilton Cruz. O mesmo tinha colocado seu nome como pr\u00e9-candidato a prefeito de Ilh\u00e9us e foi questionado sobre seu apoio na elei\u00e7\u00e3o deste ano:<br \/>\n\u201cTenho quase 30 anos filiado ao PT e nunca tive vergonha disso, mas n\u00e3o concordo com a composi\u00e7\u00e3o do PT com o PP, n\u00e3o tem sentido essa alian\u00e7a. Fui procurado por outros candidatos, como Valderico Junior e outros, mas nosso grupo definiu nosso apoio a reelei\u00e7\u00e3o de Mar\u00e3o&#8221;.<\/p>\n","protected":false},"excerpt":{"rendered":"<p>Por Pol\u00edticos do Sul da Bahia Nesta quarta-feira o site manteve contato com o empres\u00e1rio Nilton Cruz. O mesmo tinha colocado seu nome como pr\u00e9-candidato a prefeito de Ilh\u00e9us e foi questionado sobre seu apoio na elei\u00e7\u00e3o deste ano: \u201cTenho quase 30 anos filiado ao PT e nunca tive vergonha disso, mas n\u00e3o concordo com [&hellip;]<\/p>\n","protected":false},"author":2,"featured_media":300,"comment_status":"closed","ping_status":"closed","sticky":false,"template":"","format":"standard","meta":{"_links_to":"","_links_to_target":""},"categories":[11,10,35],"tags":[37,39],"views":536,"_links":{"self":[{"href":"https:\/\/www.bahiananoticias.com.br\/v1\/wp-json\/wp\/v2\/posts\/317"}],"collection":[{"href":"https:\/\/www.bahiananoticias.com.br\/v1\/wp-json\/wp\/v2\/posts"}],"about":[{"href":"https:\/\/www.bahiananoticias.com.br\/v1\/wp-json\/wp\/v2\/types\/post"}],"author":[{"embeddable":true,"href":"https:\/\/www.bahiananoticias.com.br\/v1\/wp-json\/wp\/v2\/users\/2"}],"replies":[{"embeddable":true,"href":"https:\/\/www.bahiananoticias.com.br\/v1\/wp-json\/wp\/v2\/comments?post=317"}],"version-history":[{"count":1,"href":"https:\/\/www.bahiananoticias.com.br\/v1\/wp-json\/wp\/v2\/posts\/317\/revisions"}],"predecessor-version":[{"id":318,"href":"https:\/\/www.bahiananoticias.com.br\/v1\/wp-json\/wp\/v2\/posts\/317\/revisions\/318"}],"wp:featuredmedia":[{"embeddable":true,"href":"https:\/\/www.bahiananoticias.com.br\/v1\/wp-json\/wp\/v2\/media\/300"}],"wp:attachment":[{"href":"https:\/\/www.bahiananoticias.com.br\/v1\/wp-json\/wp\/v2\/media?parent=317"}],"wp:term":[{"taxonomy":"category","embeddable":true,"href":"https:\/\/www.bahiananoticias.com.br\/v1\/wp-json\/wp\/v2\/categories?post=317"},{"taxonomy":"post_tag","embeddable":true,"href":"https:\/\/www.bahiananoticias.com.br\/v1\/wp-json\/wp\/v2\/tags?post=317"}],"curies":[{"name":"wp","href":"https:\/\/api.w.org\/{rel}","templated":true}]}}