{"id":314,"date":"2020-09-16T11:32:25","date_gmt":"2020-09-16T14:32:25","guid":{"rendered":"https:\/\/www.bahiananoticias.com.br\/v1\/?p=314"},"modified":"2020-09-16T11:32:25","modified_gmt":"2020-09-16T14:32:25","slug":"ilheus-everaldo-pode-ter-registro-de-candidatura-negado-pelo-tre-ba","status":"publish","type":"post","link":"https:\/\/www.bahiananoticias.com.br\/v1\/2020\/09\/16\/ilheus-everaldo-pode-ter-registro-de-candidatura-negado-pelo-tre-ba\/","title":{"rendered":"ILH\u00c9US: EVERALDO PODE TER REGISTRO DE CANDIDATURA NEGADO PELO TRE- BA"},"content":{"rendered":"<div id=\"attachment_315\" style=\"width: 580px\" class=\"wp-caption aligncenter\"><img aria-describedby=\"caption-attachment-315\" decoding=\"async\" loading=\"lazy\" class=\"size-full wp-image-315\" src=\"https:\/\/www.bahiananoticias.com.br\/v1\/wp-content\/uploads\/2020\/09\/ilheus-everaldo-pode-ter-registro-de-candidatura-negado-pelo-tre-ba-.jpg\" alt=\"\" width=\"570\" height=\"492\" srcset=\"https:\/\/www.bahiananoticias.com.br\/v1\/wp-content\/uploads\/2020\/09\/ilheus-everaldo-pode-ter-registro-de-candidatura-negado-pelo-tre-ba-.jpg 570w, https:\/\/www.bahiananoticias.com.br\/v1\/wp-content\/uploads\/2020\/09\/ilheus-everaldo-pode-ter-registro-de-candidatura-negado-pelo-tre-ba--300x259.jpg 300w\" sizes=\"(max-width: 570px) 100vw, 570px\" \/><p id=\"caption-attachment-315\" class=\"wp-caption-text\">Everaldo Anuncia\u00e7\u00e3o pode ter registro de candidatura negado.<\/p><\/div>\n<p>&nbsp;<\/p>\n<p><strong>Por O Tabuleiro<\/strong><\/p>\n<p>&nbsp;<\/p>\n<p>De acordo com a Lei das Elei\u00e7\u00f5es, o pr\u00e9-candidato n\u00e3o pode participar de ato p\u00fablico no per\u00edodo que antecede as elei\u00e7\u00f5es.<br \/>\nDepois de anunciar que Everaldo Anuncia\u00e7\u00e3o ser\u00e1 o vice na Chapa de Cac\u00e1 Colchoes, o Progressita aguarda confirma\u00e7\u00e3o do setor jur\u00eddico da legenda para a composi\u00e7\u00e3o da casadinha. Isso por que Everaldo esteve junto ao governador Rui Costa , \u00faltimo dia 31, para a inaugura\u00e7\u00e3o do sistema de esgotamento sanit\u00e1rio. De acordo com a Lei das Elei\u00e7\u00f5es, o pr\u00e9-candidato n\u00e3o pode participar de ato p\u00fablico no per\u00edodo que antecede as elei\u00e7\u00f5es.<\/p>\n<p>Enquanto isso, o Progessista come\u00e7a a ensaiar um \u201cplano B\u201d. A professora Carmelita havia negado ao diret\u00f3rio municipal do Partido dos trabalhadores fazer parte da Chapa , mas segundo informa\u00e7\u00f5es, a mesma continua sendo apontada como nome mais forte caso Everaldo seja proibido de ser o vice de Carlos Machado.<\/p>\n","protected":false},"excerpt":{"rendered":"<p>&nbsp; Por O Tabuleiro &nbsp; De acordo com a Lei das Elei\u00e7\u00f5es, o pr\u00e9-candidato n\u00e3o pode participar de ato p\u00fablico no per\u00edodo que antecede as elei\u00e7\u00f5es. Depois de anunciar que Everaldo Anuncia\u00e7\u00e3o ser\u00e1 o vice na Chapa de Cac\u00e1 Colchoes, o Progressita aguarda confirma\u00e7\u00e3o do setor jur\u00eddico da legenda para a composi\u00e7\u00e3o da casadinha. Isso [&hellip;]<\/p>\n","protected":false},"author":2,"featured_media":315,"comment_status":"closed","ping_status":"closed","sticky":false,"template":"","format":"standard","meta":{"_links_to":"","_links_to_target":""},"categories":[11,10,35],"tags":[37,39],"views":691,"_links":{"self":[{"href":"https:\/\/www.bahiananoticias.com.br\/v1\/wp-json\/wp\/v2\/posts\/314"}],"collection":[{"href":"https:\/\/www.bahiananoticias.com.br\/v1\/wp-json\/wp\/v2\/posts"}],"about":[{"href":"https:\/\/www.bahiananoticias.com.br\/v1\/wp-json\/wp\/v2\/types\/post"}],"author":[{"embeddable":true,"href":"https:\/\/www.bahiananoticias.com.br\/v1\/wp-json\/wp\/v2\/users\/2"}],"replies":[{"embeddable":true,"href":"https:\/\/www.bahiananoticias.com.br\/v1\/wp-json\/wp\/v2\/comments?post=314"}],"version-history":[{"count":1,"href":"https:\/\/www.bahiananoticias.com.br\/v1\/wp-json\/wp\/v2\/posts\/314\/revisions"}],"predecessor-version":[{"id":316,"href":"https:\/\/www.bahiananoticias.com.br\/v1\/wp-json\/wp\/v2\/posts\/314\/revisions\/316"}],"wp:featuredmedia":[{"embeddable":true,"href":"https:\/\/www.bahiananoticias.com.br\/v1\/wp-json\/wp\/v2\/media\/315"}],"wp:attachment":[{"href":"https:\/\/www.bahiananoticias.com.br\/v1\/wp-json\/wp\/v2\/media?parent=314"}],"wp:term":[{"taxonomy":"category","embeddable":true,"href":"https:\/\/www.bahiananoticias.com.br\/v1\/wp-json\/wp\/v2\/categories?post=314"},{"taxonomy":"post_tag","embeddable":true,"href":"https:\/\/www.bahiananoticias.com.br\/v1\/wp-json\/wp\/v2\/tags?post=314"}],"curies":[{"name":"wp","href":"https:\/\/api.w.org\/{rel}","templated":true}]}}