{"id":309,"date":"2020-09-16T11:09:48","date_gmt":"2020-09-16T14:09:48","guid":{"rendered":"https:\/\/www.bahiananoticias.com.br\/v1\/?p=309"},"modified":"2020-09-16T11:12:48","modified_gmt":"2020-09-16T14:12:48","slug":"coordenador-do-gabinete-de-crise-chama-atencao-de-ilheenses-pandemia-nao-acabou","status":"publish","type":"post","link":"https:\/\/www.bahiananoticias.com.br\/v1\/2020\/09\/16\/coordenador-do-gabinete-de-crise-chama-atencao-de-ilheenses-pandemia-nao-acabou\/","title":{"rendered":"COORDENADOR DO GABINETE DE CRISE CHAMA ATEN\u00c7\u00c3O DE ILHEENSES: \u201cPANDEMIA N\u00c3O ACABOU!\u201d"},"content":{"rendered":"<p>&nbsp;<\/p>\n<div id=\"attachment_310\" style=\"width: 507px\" class=\"wp-caption aligncenter\"><img aria-describedby=\"caption-attachment-310\" decoding=\"async\" loading=\"lazy\" class=\" wp-image-310\" src=\"https:\/\/www.bahiananoticias.com.br\/v1\/wp-content\/uploads\/2020\/09\/WhatsApp-Image-2020-09-15-at-11.15.33.jpeg\" alt=\"\" width=\"497\" height=\"298\" \/><p id=\"caption-attachment-310\" class=\"wp-caption-text\">Regis Arag\u00e3o, Coordenador do Gabinete de Crise de Ilh\u00e9us concedeu entrevista ao Programa Informe Cidad\u00e3o.<\/p><\/div>\n<p>Na tarde da \u00faltima segunda-feira,14, o Coordenador do Gabinete de Crise de Ilh\u00e9us, Regis Arag\u00e3o, durante entrevista ao programa Informe Cidad\u00e3o, na r\u00e1dio Bahiana Am 1310, chamou aten\u00e7\u00e3o da popula\u00e7\u00e3o ilheense sobre as aglomera\u00e7\u00f5es frequentes na cidade.<\/p>\n<p>O coordenador exaltou que mesmo com os esfor\u00e7os nos cumprimentos dos protocolos de seguran\u00e7a pelos propriet\u00e1rios de bares e restaurantes, falta o bom senso dos consumidores. Regis destacou que locais como a passarela do \u00e1lcool e postos de gasolinas, est\u00e3o sendo alvo frequentes de descumprimento das normas de seguran\u00e7a, colocando em risco a todos.<\/p>\n<p>Ao ser questionado sobre as fiscaliza\u00e7\u00f5es, Regis Arag\u00e3o destacou que a prefeitura, junto a Pol\u00edcia Militar da Bahia, continua fazendo fiscaliza\u00e7\u00f5es para evitar tais condutas. \u201cA popula\u00e7\u00e3o tem que nos ajudar, n\u00f3s vencemos a crise, aquele caos inicial, mas a popula\u00e7\u00e3o precisa entender que a pandemia n\u00e3o acabou\u201d, destacou o Coordenador.<\/p>\n<p>&nbsp;<\/p>\n<div id=\"attachment_311\" style=\"width: 460px\" class=\"wp-caption aligncenter\"><img aria-describedby=\"caption-attachment-311\" decoding=\"async\" loading=\"lazy\" class=\"size-full wp-image-311\" src=\"https:\/\/www.bahiananoticias.com.br\/v1\/wp-content\/uploads\/2020\/09\/WhatsApp-Image-2020-09-15-at-11.15.18.jpeg\" alt=\"\" width=\"450\" height=\"800\" srcset=\"https:\/\/www.bahiananoticias.com.br\/v1\/wp-content\/uploads\/2020\/09\/WhatsApp-Image-2020-09-15-at-11.15.18.jpeg 450w, https:\/\/www.bahiananoticias.com.br\/v1\/wp-content\/uploads\/2020\/09\/WhatsApp-Image-2020-09-15-at-11.15.18-169x300.jpeg 169w\" sizes=\"(max-width: 450px) 100vw, 450px\" \/><p id=\"caption-attachment-311\" class=\"wp-caption-text\">Aglomera\u00e7\u00e3o na \u00faltima semana, na Zona Sul de Ilh\u00e9us<\/p><\/div>\n","protected":false},"excerpt":{"rendered":"<p>&nbsp; Na tarde da \u00faltima segunda-feira,14, o Coordenador do Gabinete de Crise de Ilh\u00e9us, Regis Arag\u00e3o, durante entrevista ao programa Informe Cidad\u00e3o, na r\u00e1dio Bahiana Am 1310, chamou aten\u00e7\u00e3o da popula\u00e7\u00e3o ilheense sobre as aglomera\u00e7\u00f5es frequentes na cidade. O coordenador exaltou que mesmo com os esfor\u00e7os nos cumprimentos dos protocolos de seguran\u00e7a pelos propriet\u00e1rios de [&hellip;]<\/p>\n","protected":false},"author":2,"featured_media":310,"comment_status":"closed","ping_status":"closed","sticky":false,"template":"","format":"standard","meta":{"_links_to":"","_links_to_target":""},"categories":[11],"tags":[37,38],"views":664,"_links":{"self":[{"href":"https:\/\/www.bahiananoticias.com.br\/v1\/wp-json\/wp\/v2\/posts\/309"}],"collection":[{"href":"https:\/\/www.bahiananoticias.com.br\/v1\/wp-json\/wp\/v2\/posts"}],"about":[{"href":"https:\/\/www.bahiananoticias.com.br\/v1\/wp-json\/wp\/v2\/types\/post"}],"author":[{"embeddable":true,"href":"https:\/\/www.bahiananoticias.com.br\/v1\/wp-json\/wp\/v2\/users\/2"}],"replies":[{"embeddable":true,"href":"https:\/\/www.bahiananoticias.com.br\/v1\/wp-json\/wp\/v2\/comments?post=309"}],"version-history":[{"count":2,"href":"https:\/\/www.bahiananoticias.com.br\/v1\/wp-json\/wp\/v2\/posts\/309\/revisions"}],"predecessor-version":[{"id":313,"href":"https:\/\/www.bahiananoticias.com.br\/v1\/wp-json\/wp\/v2\/posts\/309\/revisions\/313"}],"wp:featuredmedia":[{"embeddable":true,"href":"https:\/\/www.bahiananoticias.com.br\/v1\/wp-json\/wp\/v2\/media\/310"}],"wp:attachment":[{"href":"https:\/\/www.bahiananoticias.com.br\/v1\/wp-json\/wp\/v2\/media?parent=309"}],"wp:term":[{"taxonomy":"category","embeddable":true,"href":"https:\/\/www.bahiananoticias.com.br\/v1\/wp-json\/wp\/v2\/categories?post=309"},{"taxonomy":"post_tag","embeddable":true,"href":"https:\/\/www.bahiananoticias.com.br\/v1\/wp-json\/wp\/v2\/tags?post=309"}],"curies":[{"name":"wp","href":"https:\/\/api.w.org\/{rel}","templated":true}]}}