{"id":291,"date":"2020-09-16T09:37:48","date_gmt":"2020-09-16T12:37:48","guid":{"rendered":"https:\/\/www.bahiananoticias.com.br\/v1\/?p=291"},"modified":"2020-09-16T09:37:48","modified_gmt":"2020-09-16T12:37:48","slug":"educacao-agenda-virtual-da-seduc-segue-com-webinario-e-live-interativa","status":"publish","type":"post","link":"https:\/\/www.bahiananoticias.com.br\/v1\/2020\/09\/16\/educacao-agenda-virtual-da-seduc-segue-com-webinario-e-live-interativa\/","title":{"rendered":"EDUCA\u00c7\u00c3O: AGENDA VIRTUAL DA SEDUC SEGUE COM WEBIN\u00c1RIO E LIVE INTERATIVA"},"content":{"rendered":"<div id=\"attachment_292\" style=\"width: 432px\" class=\"wp-caption aligncenter\"><img aria-describedby=\"caption-attachment-292\" decoding=\"async\" loading=\"lazy\" class=\"size-full wp-image-292\" src=\"https:\/\/www.bahiananoticias.com.br\/v1\/wp-content\/uploads\/2020\/09\/4DB5311C-DBEC-B307-D1EA-AB7AE036D1C7.jpeg\" alt=\"\" width=\"422\" height=\"407\" srcset=\"https:\/\/www.bahiananoticias.com.br\/v1\/wp-content\/uploads\/2020\/09\/4DB5311C-DBEC-B307-D1EA-AB7AE036D1C7.jpeg 422w, https:\/\/www.bahiananoticias.com.br\/v1\/wp-content\/uploads\/2020\/09\/4DB5311C-DBEC-B307-D1EA-AB7AE036D1C7-300x289.jpeg 300w\" sizes=\"(max-width: 422px) 100vw, 422px\" \/><p id=\"caption-attachment-292\" class=\"wp-caption-text\">Agenda Virtual Seduc<\/p><\/div>\n<p>A\u00a0Secretaria Municipal de Educa\u00e7\u00e3o, Esporte e Lazer (Seduc) divulgou a agenda da semana dos dias 14 a 18 de setembro, com programa\u00e7\u00e3o diversificada e interativa. Nesta ter\u00e7a-feira (15), a programa\u00e7\u00e3o foi iniciada com Webin\u00e1rio do Programa Despertar: Pr\u00e1ticas pedag\u00f3gicas, aberto ao p\u00fablico atrav\u00e9s do sistema FAEB\/SENAR. A programa\u00e7\u00e3o segue com a reuni\u00e3o dispon\u00edvel na plataforma Meet, com professores dos Anos Iniciais (1\u00ba e 2\u00ba ano) da rede municipal de ensino.<\/p>\n<p>Ainda nesta ter\u00e7a, acontece a reuni\u00e3o com professores da Educa\u00e7\u00e3o Infantil (Grupo 1) da rede municipal, dispon\u00edvel no Meet. A programa\u00e7\u00e3o tamb\u00e9m conta com a\u00a0aula virtual para os alunos inscritos no projeto Arte e Dan\u00e7a, na plataforma Zoom. A live \u201cEnsino por Investiga\u00e7\u00e3o\u201d, mediada por Luciana Sedano e Gabi Teodoro ser\u00e1 exibida no canal da Seduc no YouTube. Finalizando a programa\u00e7\u00e3o do dia, professores dos Anos Finais (3\u00ba ano) da rede municipal participar\u00e3o do encontro, \u00e0s 15h, atrav\u00e9s da plataforma Meet.<\/p>\n<p>Na quarta-feira (16), gestores das unidades escolares participar\u00e3o do encontro presencial sobre o programa Escola Aberta, das 8h \u00e0s 12h. Tamb\u00e9m acontece a reuni\u00e3o com os professores dos Anos Finais (3\u00ba ano), \u00e0s 9h, atrav\u00e9s do Meet. Aberto ao p\u00fablico, o webin\u00e1rio do Programa Despertar: Educa\u00e7\u00e3o Ambiental acontece das 10h \u00e0s 12h, transmitido pelo canal da Seduc no YouTube e no sistema FAEB\/SENAR.<\/p>\n<p>A programa\u00e7\u00e3o segue com reuni\u00f5es realizadas \u00e0s 14h, com professores da Educa\u00e7\u00e3o Infantil (Grupo 2); \u00e0s 15h, com professores da Educa\u00e7\u00e3o de Jovens e Adultos (EJA). Tamb\u00e9m ser\u00e3o feitas reuni\u00f5es com profissionais n\u00e3o docentes (merendeiras e auxiliares de servi\u00e7os gerais), \u00e0s 16h e reuni\u00e3o com o GT Educa\u00e7\u00e3o para retorno escolar, \u00e0s 14h30, ambas na plataforma Meet.<\/p>\n<p>A programa\u00e7\u00e3o da quinta-feira (17) ser\u00e1 aberta com a reuni\u00e3o dos docentes dos Anos Iniciais (4\u00ba e 5\u00ba ano), \u00e0s 9h, no Meet. \u00c0s 10h, acontecer\u00e1 a reuni\u00e3o para os cursistas do Programa Forma\u00e7\u00e3o pela Escola (PROAM) &#8211; Sistema de Informa\u00e7\u00f5es sobre Or\u00e7amentos P\u00fablicos em Educa\u00e7\u00e3o (SIOPE), no Zoom. Das 10h \u00e0s 12h ser\u00e1 exibido o webin\u00e1rio do Programa Despertar \u201cEduca\u00e7\u00e3o socioemocional\u201d, aberto ao p\u00fablico e transmitido no canal do YouTube da Seduc e no sistema FAEB\/SENAR.<\/p>\n<p>A reuni\u00e3o com os professores da Educa\u00e7\u00e3o Infantil (Grupo 3) acontecer\u00e1 \u00e0s 14h, no Meet. Seguindo a programa\u00e7\u00e3o, profissionais n\u00e3o docentes (porteiros, vigilantes, motoristas, agentes administrativos e secret\u00e1rios) participar\u00e3o de uma reuni\u00e3o atrav\u00e9s das plataforma Meet, \u00e0s 15h.<\/p>\n<p>Tamb\u00e9m ser\u00e1 exibida a videoaula aberta para Forma\u00e7\u00e3o do Planejamento Coletivo em Rede (PCR), com o tema \u201cProdu\u00e7\u00f5es din\u00e2micas no PowerPoint\u201d, a partir das 16h, no canal oficial da Seduc no YouTube, al\u00e9m dos roteiros de aprendizagens dos ciclos 1 a 5 e EJA. A programa\u00e7\u00e3o ser\u00e1 exibida para alunos da rede municipal, atrav\u00e9s do Facebook, Instagram e WhatsApp, nos dias 17 e 18 de setembro.<\/p>\n","protected":false},"excerpt":{"rendered":"<p>A\u00a0Secretaria Municipal de Educa\u00e7\u00e3o, Esporte e Lazer (Seduc) divulgou a agenda da semana dos dias 14 a 18 de setembro, com programa\u00e7\u00e3o diversificada e interativa. Nesta ter\u00e7a-feira (15), a programa\u00e7\u00e3o foi iniciada com Webin\u00e1rio do Programa Despertar: Pr\u00e1ticas pedag\u00f3gicas, aberto ao p\u00fablico atrav\u00e9s do sistema FAEB\/SENAR. A programa\u00e7\u00e3o segue com a reuni\u00e3o dispon\u00edvel na plataforma [&hellip;]<\/p>\n","protected":false},"author":2,"featured_media":292,"comment_status":"closed","ping_status":"closed","sticky":false,"template":"","format":"standard","meta":{"_links_to":"","_links_to_target":""},"categories":[1,35],"tags":[36,37,38],"views":533,"_links":{"self":[{"href":"https:\/\/www.bahiananoticias.com.br\/v1\/wp-json\/wp\/v2\/posts\/291"}],"collection":[{"href":"https:\/\/www.bahiananoticias.com.br\/v1\/wp-json\/wp\/v2\/posts"}],"about":[{"href":"https:\/\/www.bahiananoticias.com.br\/v1\/wp-json\/wp\/v2\/types\/post"}],"author":[{"embeddable":true,"href":"https:\/\/www.bahiananoticias.com.br\/v1\/wp-json\/wp\/v2\/users\/2"}],"replies":[{"embeddable":true,"href":"https:\/\/www.bahiananoticias.com.br\/v1\/wp-json\/wp\/v2\/comments?post=291"}],"version-history":[{"count":1,"href":"https:\/\/www.bahiananoticias.com.br\/v1\/wp-json\/wp\/v2\/posts\/291\/revisions"}],"predecessor-version":[{"id":293,"href":"https:\/\/www.bahiananoticias.com.br\/v1\/wp-json\/wp\/v2\/posts\/291\/revisions\/293"}],"wp:featuredmedia":[{"embeddable":true,"href":"https:\/\/www.bahiananoticias.com.br\/v1\/wp-json\/wp\/v2\/media\/292"}],"wp:attachment":[{"href":"https:\/\/www.bahiananoticias.com.br\/v1\/wp-json\/wp\/v2\/media?parent=291"}],"wp:term":[{"taxonomy":"category","embeddable":true,"href":"https:\/\/www.bahiananoticias.com.br\/v1\/wp-json\/wp\/v2\/categories?post=291"},{"taxonomy":"post_tag","embeddable":true,"href":"https:\/\/www.bahiananoticias.com.br\/v1\/wp-json\/wp\/v2\/tags?post=291"}],"curies":[{"name":"wp","href":"https:\/\/api.w.org\/{rel}","templated":true}]}}