{"id":2540,"date":"2020-12-23T09:54:05","date_gmt":"2020-12-23T12:54:05","guid":{"rendered":"https:\/\/www.bahiananoticias.com.br\/v1\/?p=2540"},"modified":"2020-12-23T09:54:05","modified_gmt":"2020-12-23T12:54:05","slug":"empretec-sul-da-bahia-ocorrera-em-julho-de-2021-pre-inscricao-esta-aberta","status":"publish","type":"post","link":"https:\/\/www.bahiananoticias.com.br\/v1\/2020\/12\/23\/empretec-sul-da-bahia-ocorrera-em-julho-de-2021-pre-inscricao-esta-aberta\/","title":{"rendered":"EMPRETEC SUL DA BAHIA OCORRER\u00c1 EM JULHO DE 2021; PR\u00c9-INSCRI\u00c7\u00c3O EST\u00c1 ABERTA"},"content":{"rendered":"<p><img decoding=\"async\" loading=\"lazy\" class=\"aligncenter size-full wp-image-2541\" src=\"https:\/\/www.bahiananoticias.com.br\/v1\/wp-content\/uploads\/2020\/12\/empretec-sebrae-jari-0.jpg\" alt=\"\" width=\"570\" height=\"380\" srcset=\"https:\/\/www.bahiananoticias.com.br\/v1\/wp-content\/uploads\/2020\/12\/empretec-sebrae-jari-0.jpg 570w, https:\/\/www.bahiananoticias.com.br\/v1\/wp-content\/uploads\/2020\/12\/empretec-sebrae-jari-0-300x200.jpg 300w\" sizes=\"(max-width: 570px) 100vw, 570px\" \/><\/p>\n<p>Os interessados em participar do semin\u00e1rio Empretec j\u00e1 podem fazer sua pr\u00e9-inscri\u00e7\u00e3o para 2021, os encontros est\u00e3o previstos para acontecer de 5 a 10 de julho, em Ilh\u00e9us, e de 12 a 17 de julho, em Itabuna. A realiza\u00e7\u00e3o do semin\u00e1rio \u00e9 de exclusividade do Sebrae, que j\u00e1 capacitou cerca de 200 mil pessoas em 24 anos. Na Bahia, j\u00e1 s\u00e3o cerca de 14 mil formados.<\/p>\n<p>Para a pr\u00e9-inscri\u00e7\u00e3o, \u00e9 necess\u00e1rio preencher formul\u00e1rio no site do\u00a0<a href=\"https:\/\/empretecsebrae.com.br\/\" target=\"_blank\" rel=\"noopener noreferrer\" data-saferedirecturl=\"https:\/\/www.google.com\/url?q=https:\/\/empretecsebrae.com.br\/&amp;source=gmail&amp;ust=1608730843185000&amp;usg=AFQjCNFTJQIBk4ApY5q3AMBr3KI7nifK_g\">Empretec Bahia<\/a>. Depois de responder, o candidato segue para a entrevista individual, prevista para acontecer em Ilh\u00e9us entre os dias 7 e 11 de junho de 2021. J\u00e1 em Itabuna, ser\u00e1 de 14 a 18 de junho de 2021.<\/p>\n<p>Mais informa\u00e7\u00f5es podem ser encontradas no site ou atrav\u00e9s dos telefones (73) 3613-9734 \/ (73) 99974-2262 \u2013 Itabuna ou (73) 3634-4068 \/ (73) 99974-2263 para Ilh\u00e9us.<\/p>\n<p><strong>Empretec<\/strong><!--more--><\/p>\n<p>O Empretec \u00e9 o principal programa de forma\u00e7\u00e3o de empreendedores no mundo, um semin\u00e1rio intensivo criado pela Organiza\u00e7\u00e3o das Na\u00e7\u00f5es Unidas (ONU), promovido em 40 pa\u00edses e que no Brasil \u00e9 exclusivo do Sebrae.<\/p>\n<p>S\u00e3o 60 horas de capacita\u00e7\u00e3o, com atividades pr\u00e1ticas, cientificamente fundamentadas, que mostram como agem os empreendedores de sucesso e quais s\u00e3o os 10 comportamentos caracter\u00edsticos desses perfis.<\/p>\n","protected":false},"excerpt":{"rendered":"<p>Os interessados em participar do semin\u00e1rio Empretec j\u00e1 podem fazer sua pr\u00e9-inscri\u00e7\u00e3o para 2021, os encontros est\u00e3o previstos para acontecer de 5 a 10 de julho, em Ilh\u00e9us, e de 12 a 17 de julho, em Itabuna. A realiza\u00e7\u00e3o do semin\u00e1rio \u00e9 de exclusividade do Sebrae, que j\u00e1 capacitou cerca de 200 mil pessoas em [&hellip;]<\/p>\n","protected":false},"author":2,"featured_media":2541,"comment_status":"closed","ping_status":"closed","sticky":false,"template":"","format":"standard","meta":{"_links_to":"","_links_to_target":""},"categories":[11],"tags":[],"views":458,"_links":{"self":[{"href":"https:\/\/www.bahiananoticias.com.br\/v1\/wp-json\/wp\/v2\/posts\/2540"}],"collection":[{"href":"https:\/\/www.bahiananoticias.com.br\/v1\/wp-json\/wp\/v2\/posts"}],"about":[{"href":"https:\/\/www.bahiananoticias.com.br\/v1\/wp-json\/wp\/v2\/types\/post"}],"author":[{"embeddable":true,"href":"https:\/\/www.bahiananoticias.com.br\/v1\/wp-json\/wp\/v2\/users\/2"}],"replies":[{"embeddable":true,"href":"https:\/\/www.bahiananoticias.com.br\/v1\/wp-json\/wp\/v2\/comments?post=2540"}],"version-history":[{"count":1,"href":"https:\/\/www.bahiananoticias.com.br\/v1\/wp-json\/wp\/v2\/posts\/2540\/revisions"}],"predecessor-version":[{"id":2542,"href":"https:\/\/www.bahiananoticias.com.br\/v1\/wp-json\/wp\/v2\/posts\/2540\/revisions\/2542"}],"wp:featuredmedia":[{"embeddable":true,"href":"https:\/\/www.bahiananoticias.com.br\/v1\/wp-json\/wp\/v2\/media\/2541"}],"wp:attachment":[{"href":"https:\/\/www.bahiananoticias.com.br\/v1\/wp-json\/wp\/v2\/media?parent=2540"}],"wp:term":[{"taxonomy":"category","embeddable":true,"href":"https:\/\/www.bahiananoticias.com.br\/v1\/wp-json\/wp\/v2\/categories?post=2540"},{"taxonomy":"post_tag","embeddable":true,"href":"https:\/\/www.bahiananoticias.com.br\/v1\/wp-json\/wp\/v2\/tags?post=2540"}],"curies":[{"name":"wp","href":"https:\/\/api.w.org\/{rel}","templated":true}]}}